{"id":12153,"date":"2025-12-12T09:18:01","date_gmt":"2025-12-12T08:18:01","guid":{"rendered":"https:\/\/blogsaverroes.juntadeandalucia.es\/plurilinguismodelegacionmalaga\/?p=12153"},"modified":"2025-12-15T08:00:30","modified_gmt":"2025-12-15T07:00:30","slug":"ceip-clara-campoamor-alhaurin-de-la-torre-comenzamos-nuevo-proyecto-etwinning","status":"publish","type":"post","link":"https:\/\/blogsaverroes.juntadeandalucia.es\/plurilinguismodelegacionmalaga\/2025\/12\/12\/ceip-clara-campoamor-alhaurin-de-la-torre-comenzamos-nuevo-proyecto-etwinning\/","title":{"rendered":"CEIP Clara Campoamor (Alhaur\u00edn de la torre)\u2013 Comenzamos nuevo proyecto eTwinning"},"content":{"rendered":"<p><span style=\"font-family: verdana, geneva, sans-serif\">Durante el presente curso volvemos a participar en un complejo pero ilusionante proyecto <em>eTwinning<\/em>: \u201cOne Wave Radio. Una sola onda\u201d.<\/span><\/p>\n<p><span style=\"font-family: verdana, geneva, sans-serif\">Este proyecto tiene como eje principal el uso de podcast creados por los centros educativos de los distintos pa\u00edses participantes, fomentando as\u00ed el trabajo colaborativo entre el alumnado. Cada grupo de estudiantes elaborar\u00e1 sus propios episodios en ingl\u00e9s y espa\u00f1ol \u2014que podr\u00e1n incluir entrevistas, narraciones, noticias o reflexiones\u2014 con el objetivo de compartir elementos culturales, ling\u00fc\u00edsticos y sociales de su entorno.<\/span><\/p>\n<p><span style=\"font-family: verdana, geneva, sans-serif\">Los podcasts ser\u00e1n publicados en el espacio com\u00fan de eTwinning, as\u00ed como en otras plataformas educativas y de difusi\u00f3n, donde podr\u00e1n ser escuchados tanto por los dem\u00e1s centros participantes como por el p\u00fablico en general.<\/span><\/p>\n<p><span style=\"font-family: verdana, geneva, sans-serif\">A partir de la escucha de estos contenidos, el alumnado asumir\u00e1 un papel activo: comentar\u00e1 los episodios de otros pa\u00edses, propondr\u00e1 nuevos temas, formular\u00e1 preguntas y participar\u00e1 en actividades conjuntas inspiradas en las producciones de sus compa\u00f1eros y compa\u00f1eras. Este intercambio internacional contribuir\u00e1 a una comprensi\u00f3n m\u00e1s amplia y respetuosa de diferentes realidades, favoreciendo el pensamiento cr\u00edtico, la comunicaci\u00f3n y la creatividad. De este modo, el proyecto se convierte en un espacio de aprendizaje aut\u00e9ntico en el que las voces del alumnado constituyen el motor que conecta a todos los participantes.<\/span><\/p>\n<p><span style=\"font-family: verdana, geneva, sans-serif\"><b>Centros y pa\u00edses participantes:<\/b><\/span><\/p>\n<ul>\n<li><span style=\"font-family: verdana, geneva, sans-serif\">Espa\u00f1a: CEIP Clara Campoamor (Alhaur\u00edn de la Torre)<\/span><\/li>\n<li><span style=\"font-family: verdana, geneva, sans-serif\">Marruecos: Colegio Espa\u00f1ol de Rabat<\/span><\/li>\n<li><span style=\"font-family: verdana, geneva, sans-serif\">Suiza: ALCE de Suiza (Z\u00farich)<\/span><\/li>\n<li><span style=\"font-family: verdana, geneva, sans-serif\">Andorra: Colegio Espa\u00f1ol Mar\u00eda Moliner<\/span><\/li>\n<li><span style=\"font-family: verdana, geneva, sans-serif\">Colombia: Colegio Reyes Cat\u00f3licos (Bogot\u00e1)<\/span><\/li>\n<li><span style=\"font-family: verdana, geneva, sans-serif\">Turqu\u00eda: Murat Anadolu Lisesi<\/span><\/li>\n<li><span style=\"font-family: verdana, geneva, sans-serif\">Espa\u00f1a: IES Beatriz Galindo<\/span><\/li>\n<li><span style=\"font-family: verdana, geneva, sans-serif\">Estados Unidos: Ada Merritt \u2013 Secci\u00f3n Espa\u00f1ola<\/span><\/li>\n<li><span style=\"font-family: verdana, geneva, sans-serif\">Estados Unidos: United Nations International School (Nueva York)<\/span><\/li>\n<li><span style=\"font-family: verdana, geneva, sans-serif\"><span lang=\"en-US\">Grecia: Model Vocational School Kria Vrisi<\/span><\/span><\/li>\n<\/ul>\n<p><span style=\"font-family: verdana, geneva, sans-serif\"><a href=\"https:\/\/www.spreaker.com\/episode\/t-1-episodio-1-owr-nos-presentamos--68604829?utm_medium=app&amp;utm_source=widget&amp;utm_campaign=episode-title&amp;deep_link_value=https%3A%2F%2Fwww.spreaker.com%2Fepisode%2Ft-1-episodio-1-owr-nos-presentamos--68604829%3Futm_medium%3Dapp%26utm_source%3Dwidget%26utm_campaign%3Depisode-title&amp;af_channel=widget\" target=\"_blank\" rel=\"noopener\">Presentamos el primer programa elaborado<\/a> conjuntamente por todos los centros participantes. En esta ocasi\u00f3n, las voces que lo conducen pertenecen a alumnos y alumnas de nuestro colegio y del Colegio Espa\u00f1ol de Rabat.<\/span><\/p>\n<p><span style=\"font-family: verdana, geneva, sans-serif\">Esperamos que os guste: https:\/\/www.spreaker.com\/episode\/t-1-episodio-1-owr-nos-presentamos&#8211;68604829?utm_medium=app&amp;utm_source=widget&amp;utm_campaign=episode-title&amp;deep_link_value=https%3A%2F%2Fwww.spreaker.com%2Fepisode%2Ft-1-episodio-1-owr-nos-presentamos&#8211;68604829%3Futm_medium%3Dapp%26utm_source%3Dwidget%26utm_campaign%3Depisode-title&amp;af_channel=widget<\/span><img loading=\"lazy\" decoding=\"async\" class=\" wp-image-12154 aligncenter\" src=\"https:\/\/blogsaverroes.juntadeandalucia.es\/plurilinguismodelegacionmalaga\/files\/2025\/12\/IMG-20251017-WA0003-300x134.jpg\" alt=\"\" width=\"463\" height=\"207\" srcset=\"https:\/\/blogsaverroes.juntadeandalucia.es\/plurilinguismodelegacionmalaga\/files\/2025\/12\/IMG-20251017-WA0003-300x134.jpg 300w, https:\/\/blogsaverroes.juntadeandalucia.es\/plurilinguismodelegacionmalaga\/files\/2025\/12\/IMG-20251017-WA0003-1024x458.jpg 1024w, https:\/\/blogsaverroes.juntadeandalucia.es\/plurilinguismodelegacionmalaga\/files\/2025\/12\/IMG-20251017-WA0003-768x344.jpg 768w, https:\/\/blogsaverroes.juntadeandalucia.es\/plurilinguismodelegacionmalaga\/files\/2025\/12\/IMG-20251017-WA0003-1536x687.jpg 1536w, https:\/\/blogsaverroes.juntadeandalucia.es\/plurilinguismodelegacionmalaga\/files\/2025\/12\/IMG-20251017-WA0003.jpg 1600w\" sizes=\"(max-width: 463px) 100vw, 463px\" \/><\/p>\n","protected":false},"excerpt":{"rendered":"<p>Durante el presente curso volvemos a participar en un complejo pero ilusionante proyecto eTwinning: \u201cOne Wave Radio. Una sola onda\u201d. Este proyecto tiene como eje principal el uso de podcast creados por los centros&#46;&#46;&#46;<\/p>\n","protected":false},"author":8062,"featured_media":12185,"comment_status":"open","ping_status":"open","sticky":false,"template":"","format":"standard","meta":{"ngg_post_thumbnail":0,"footnotes":""},"categories":[796323],"tags":[],"aioseo_notices":[],"_links":{"self":[{"href":"https:\/\/blogsaverroes.juntadeandalucia.es\/plurilinguismodelegacionmalaga\/wp-json\/wp\/v2\/posts\/12153"}],"collection":[{"href":"https:\/\/blogsaverroes.juntadeandalucia.es\/plurilinguismodelegacionmalaga\/wp-json\/wp\/v2\/posts"}],"about":[{"href":"https:\/\/blogsaverroes.juntadeandalucia.es\/plurilinguismodelegacionmalaga\/wp-json\/wp\/v2\/types\/post"}],"author":[{"embeddable":true,"href":"https:\/\/blogsaverroes.juntadeandalucia.es\/plurilinguismodelegacionmalaga\/wp-json\/wp\/v2\/users\/8062"}],"replies":[{"embeddable":true,"href":"https:\/\/blogsaverroes.juntadeandalucia.es\/plurilinguismodelegacionmalaga\/wp-json\/wp\/v2\/comments?post=12153"}],"version-history":[{"count":3,"href":"https:\/\/blogsaverroes.juntadeandalucia.es\/plurilinguismodelegacionmalaga\/wp-json\/wp\/v2\/posts\/12153\/revisions"}],"predecessor-version":[{"id":12187,"href":"https:\/\/blogsaverroes.juntadeandalucia.es\/plurilinguismodelegacionmalaga\/wp-json\/wp\/v2\/posts\/12153\/revisions\/12187"}],"wp:featuredmedia":[{"embeddable":true,"href":"https:\/\/blogsaverroes.juntadeandalucia.es\/plurilinguismodelegacionmalaga\/wp-json\/wp\/v2\/media\/12185"}],"wp:attachment":[{"href":"https:\/\/blogsaverroes.juntadeandalucia.es\/plurilinguismodelegacionmalaga\/wp-json\/wp\/v2\/media?parent=12153"}],"wp:term":[{"taxonomy":"category","embeddable":true,"href":"https:\/\/blogsaverroes.juntadeandalucia.es\/plurilinguismodelegacionmalaga\/wp-json\/wp\/v2\/categories?post=12153"},{"taxonomy":"post_tag","embeddable":true,"href":"https:\/\/blogsaverroes.juntadeandalucia.es\/plurilinguismodelegacionmalaga\/wp-json\/wp\/v2\/tags?post=12153"}],"curies":[{"name":"wp","href":"https:\/\/api.w.org\/{rel}","templated":true}]}}