{"id":12157,"date":"2025-12-12T12:27:09","date_gmt":"2025-12-12T11:27:09","guid":{"rendered":"https:\/\/blogsaverroes.juntadeandalucia.es\/plurilinguismodelegacionmalaga\/?p=12157"},"modified":"2025-12-16T11:43:44","modified_gmt":"2025-12-16T10:43:44","slug":"la-huella-e-del-cpm-manuel-carra-sigue-creciendo-internacionalmente","status":"publish","type":"post","link":"https:\/\/blogsaverroes.juntadeandalucia.es\/plurilinguismodelegacionmalaga\/2025\/12\/12\/la-huella-e-del-cpm-manuel-carra-sigue-creciendo-internacionalmente\/","title":{"rendered":"La huella E+ del CPM Manuel Carra sigue creciendo internacionalmente"},"content":{"rendered":"<p style=\"text-align: center\" align=\"justify\"><span style=\"color: #0a0a0a;font-family: verdana, geneva, sans-serif;font-size: 12pt\"><i>&#8220;Las redes sociales facilitan una comunicaci\u00f3n sin l\u00edmites. Gracias a la digitalizaci\u00f3n, estamos interconectados, pero nos hemos quedado sin relaciones ni v\u00ednculos genuinos&#8221; Byung-Chul Han (Premio Princesa de Asturias de Comunicaci\u00f3n y Humanidades 2025)<\/i><\/span><\/p>\n<p align=\"justify\"><span style=\"font-family: verdana, geneva, sans-serif;font-size: 12pt\">El Conservatorio Profesional de m\u00fasica acaba de lograr, el 26 de noviembre de 2025, el <b>Sello de Calidad Europeo<\/b> por un proyecto eTwinning. Este sello lo otorga el Servicio central de apoyo eTwinning considerando los proyectos ganadores de un Sello de Calidad Nacional que han obtenido una puntuaci\u00f3n m\u00e1s alta en toda Europa. <b>&#8220;Sounds Good: ECHOES (eTwinning Community Holistic eStrategy) for wellbeing\u201d <\/b> lo hemos desarrollado, durante el curso 2024\/2025, junto a otros 5 centros europeos y obtuvo el Sello Nacional de Calidad eTwinning en Espa\u00f1a el pasado mes de septiembre. Los centros espa\u00f1oles participantes fueron el Instituto de Educaci\u00f3n Secundaria &#8220;Jos\u00e9 Mart\u00ednez Ruiz Azor\u00edn&#8221; de Yecla, Murcia y el Conservatorio Profesional de m\u00fasica &#8220;Manuel Carra&#8221; de M\u00e1laga. Los centros de otros pa\u00edses europeos participantes fueron: el Istituto onmicomprensivo &#8220;F. de Sanctis&#8221; de Cervinara (Italia), el Liceo delle scienze umane e musicale &#8220;S. Satta&#8221; de Nuoro (Italia), el Istituto Tecnico tecnol\u00f3gico &#8220;E. Scalfaro&#8221; de Catanzaro (Italia) y el Vilkavi\u0161kio &#8220;Au\u0161ros&#8221; gimnazija de Vilkavi\u0161kis (Lituania).<\/span><\/p>\n<div id=\"attachment_12158\" style=\"width: 323px\" class=\"wp-caption alignright\"><img loading=\"lazy\" decoding=\"async\" aria-describedby=\"caption-attachment-12158\" class=\"wp-image-12158\" src=\"https:\/\/blogsaverroes.juntadeandalucia.es\/plurilinguismodelegacionmalaga\/files\/2025\/12\/Imagen-1-200x300.jpg\" alt=\"\" width=\"313\" height=\"470\" srcset=\"https:\/\/blogsaverroes.juntadeandalucia.es\/plurilinguismodelegacionmalaga\/files\/2025\/12\/Imagen-1-200x300.jpg 200w, https:\/\/blogsaverroes.juntadeandalucia.es\/plurilinguismodelegacionmalaga\/files\/2025\/12\/Imagen-1-683x1024.jpg 683w, https:\/\/blogsaverroes.juntadeandalucia.es\/plurilinguismodelegacionmalaga\/files\/2025\/12\/Imagen-1-768x1151.jpg 768w, https:\/\/blogsaverroes.juntadeandalucia.es\/plurilinguismodelegacionmalaga\/files\/2025\/12\/Imagen-1-1025x1536.jpg 1025w, https:\/\/blogsaverroes.juntadeandalucia.es\/plurilinguismodelegacionmalaga\/files\/2025\/12\/Imagen-1.jpg 1334w\" sizes=\"(max-width: 313px) 100vw, 313px\" \/><p id=\"caption-attachment-12158\" class=\"wp-caption-text\">Alumnado de Viola (Rodrigo Fr\u00edas, Fernando Fr\u00edas y Paula Clavijo) galardonado con el Sello de Calidad Nacional y Europeo eTwinning 2025 y en la parte inferior alumnado actual de la asignatura optativa \u201cIntroducci\u00f3n a eTwinning\u201d<\/p><\/div>\n<p align=\"justify\"><span style=\"font-family: verdana, geneva, sans-serif\">Somos el primer conservatorio de Andaluc\u00eda con el sello de calidad Europea eTwinning y ya tenemos 2 sellos de calidad Nacional eTwinning en el CPM Manuel Carra. Todo esto nos llena de orgullo para seguir siendo un referente Erasmus y eTwinning entre los Conservatorios de m\u00fasica de nuestro pa\u00eds y especialmente para los conservatorios andaluces.<\/span><\/p>\n<div id=\"attachment_12161\" style=\"width: 439px\" class=\"wp-caption alignright\"><img loading=\"lazy\" decoding=\"async\" aria-describedby=\"caption-attachment-12161\" class=\"wp-image-12161\" src=\"https:\/\/blogsaverroes.juntadeandalucia.es\/plurilinguismodelegacionmalaga\/files\/2025\/12\/Imagen-5-300x225.jpg\" alt=\"\" width=\"429\" height=\"322\" srcset=\"https:\/\/blogsaverroes.juntadeandalucia.es\/plurilinguismodelegacionmalaga\/files\/2025\/12\/Imagen-5-300x225.jpg 300w, https:\/\/blogsaverroes.juntadeandalucia.es\/plurilinguismodelegacionmalaga\/files\/2025\/12\/Imagen-5-1024x768.jpg 1024w, https:\/\/blogsaverroes.juntadeandalucia.es\/plurilinguismodelegacionmalaga\/files\/2025\/12\/Imagen-5-768x576.jpg 768w, https:\/\/blogsaverroes.juntadeandalucia.es\/plurilinguismodelegacionmalaga\/files\/2025\/12\/Imagen-5-1536x1152.jpg 1536w, https:\/\/blogsaverroes.juntadeandalucia.es\/plurilinguismodelegacionmalaga\/files\/2025\/12\/Imagen-5.jpg 2000w\" sizes=\"(max-width: 429px) 100vw, 429px\" \/><p id=\"caption-attachment-12161\" class=\"wp-caption-text\">Sonia Carillo en TCA de Gante 2024<\/p><\/div>\n<p align=\"justify\"><img loading=\"lazy\" decoding=\"async\" class=\"wp-image-12165 alignright\" src=\"https:\/\/blogsaverroes.juntadeandalucia.es\/plurilinguismodelegacionmalaga\/files\/2025\/12\/Imagen-2-Cartel-Sello-Europeo-212x300.jpg\" alt=\"\" width=\"312\" height=\"442\" srcset=\"https:\/\/blogsaverroes.juntadeandalucia.es\/plurilinguismodelegacionmalaga\/files\/2025\/12\/Imagen-2-Cartel-Sello-Europeo-212x300.jpg 212w, https:\/\/blogsaverroes.juntadeandalucia.es\/plurilinguismodelegacionmalaga\/files\/2025\/12\/Imagen-2-Cartel-Sello-Europeo-724x1024.jpg 724w, https:\/\/blogsaverroes.juntadeandalucia.es\/plurilinguismodelegacionmalaga\/files\/2025\/12\/Imagen-2-Cartel-Sello-Europeo-768x1086.jpg 768w, https:\/\/blogsaverroes.juntadeandalucia.es\/plurilinguismodelegacionmalaga\/files\/2025\/12\/Imagen-2-Cartel-Sello-Europeo-1086x1536.jpg 1086w, https:\/\/blogsaverroes.juntadeandalucia.es\/plurilinguismodelegacionmalaga\/files\/2025\/12\/Imagen-2-Cartel-Sello-Europeo-1448x2048.jpg 1448w, https:\/\/blogsaverroes.juntadeandalucia.es\/plurilinguismodelegacionmalaga\/files\/2025\/12\/Imagen-2-Cartel-Sello-Europeo.jpg 1587w\" sizes=\"(max-width: 312px) 100vw, 312px\" \/><\/p>\n<p align=\"justify\"><span style=\"font-family: verdana, geneva, sans-serif\">Todo esto no es m\u00e1s que la evidencia del buen hacer del profesorado y de toda la Comunidad Educativa del CPM Manuel Carra que no deja de mostrar su apoyo a las acciones internacionales del mismo, desde que se iniciaron en 2018. Este curso adem\u00e1s el centro cuenta con la mayor subvenci\u00f3n concedida hasta ahora en el marco de nuestra Acreditaci\u00f3n Erasmus VET (2022-2027): 93377 euros. Esta noticia se une a la gran novedad incluida en el Proyecto Educativo del Conservatorio en el curso 2025\/2026. Hemos a\u00f1adido el <u> <\/u><a href=\"https:\/\/www.conservatoriomanuelcarra.es\/doc\/proyecto_educativo_25-26.pdf\"><span style=\"color: #1155cc\"><u><b>Plan de Internacionalizaci\u00f3n del centro<\/b><\/u><\/span><\/a> como una parte importante y respondiendo al compromiso adquirido por el equipo directivo y por toda la comunidad educativa de integrar la internacionalizaci\u00f3n como un eje vertebrador del desarrollo institucional, pedag\u00f3gico y art\u00edstico del conservatorio, de acuerdo con el objetivo 1.1 del proyecto de direcci\u00f3n vigente: <b>&#8220;Impulsar la internacionalizaci\u00f3n del Centro y de la Comunidad Educativa poniendo en valor la acreditaci\u00f3n Erasmus+\u201d. <\/b>De este modo y a trav\u00e9s del<b> Departamento de Internacionalizaci\u00f3n <\/b>(perteneciente en la actualidad al DOFEI, Departamento de Orientaci\u00f3n, Formaci\u00f3n, Evaluaci\u00f3n e Innovaci\u00f3n) se gestionar\u00e1n las m\u00faltiples actividades de sus cuatro pilares<b> <\/b>principales (actividades de la Acreditaci\u00f3n Erasmus+, acciones eTwinning, proyectos Jean Monnet y otras acciones internacionales)<b> <\/b>con ilusi\u00f3n y entrega por parte de los miembros actuales del Departamento (Prof. de piano Alberto Mart\u00edn, Prof. pianista acompa\u00f1ante H\u00e9ctor Espiga, Prof. de saxof\u00f3n y secretario del CPM Manuel Carra, Juan Luis Exp\u00f3sito, Prof. pianista acompa\u00f1ante y Director del CPM Manuel Carra, Enrique Bazaga) y de la coordinadora del Dpto la Prof. de viola Estefan\u00eda Guerra.<\/span><\/p>\n<p align=\"justify\"><span style=\"font-family: verdana, geneva, sans-serif\">Las acciones Erasmus + del CPM Manuel Carra cada vez tienen <b>m\u00e1s repercusi\u00f3n e impacto <\/b> a nivel centro y a nivel municipal, regional, nacional e internacional. Las convocatorias de movilidades Erasmus, abiertas recientemente, atraen a <b>cada vez m\u00e1s alumnado<\/b> (incluso de nuestros centros adscritos de Antequera, el CEM \u201cAna C\u00e1rdenas\u201d y de Torre del Mar, el CEM Jos\u00e9 Hidalgo). El personal de nuestro centro tambi\u00e9n se ha animado m\u00e1s este curso a participar en las movilidades, incluso en la modalidad de beca cero.<\/span><\/p>\n<p align=\"justify\"><span style=\"font-family: verdana, geneva, sans-serif\">A lo largo de estos a\u00f1os no podemos obviar nuestros logros importantes. Hemos tenido alumnado seleccionado (Pilar Linares, saxof\u00f3n y Sof\u00eda Higueras, viol\u00edn\/viola) en los primeros encuentros y conciertos en Espa\u00f1a e Italia de la<b> Orquesta Europea Erasmus (2023-2025). <\/b>Asimismo uno de nuestros alumnos de guitarra, Jos\u00e9 N\u00fa\u00f1ez S\u00e1nchez, con experiencia en nuestra primera movilidad Erasmus+ a Augsburgo (Alemania), fue seleccionado en el<b> Programa Euroaprendices 2023 <\/b>(Los Euroaprendices son antiguos estudiantes participantes en movilidades Erasmus+ que act\u00faan de embajadores del Programa Erasmus). Tambi\u00e9n fuimos <b>Escuela eTwinning en 2023\/2024<\/b> y queremos volver a lograrlo. El centro cuenta ya con experiencia en la participaci\u00f3n en 2 actividades TCA. Nuestro <b>profesorado<\/b> ha sido <b>elegido en los exigentes procesos selectivos de las TCA.<\/b> En Gante (B\u00e9lgica) en 2024 particip\u00f3 la <a href=\"https:\/\/www.youtube.com\/watch?v=6bGyN2-4E-0\"><span style=\"color: #1155cc\"><u>Prof. de piano Sonia Carillo<\/u><\/span><\/a><i> <\/i>en el seminario<i> &#8220;Thematic seminar on Democratic Participation with the focus on Tools for SCH and VET organisations and a combination with study visits&#8221;<\/i> y en Viena (Austria) estuvo la <a href=\"https:\/\/sites.google.com\/g.educaand.es\/tcaviena2025carra?usp=sharing\"><span style=\"color: #1155cc\"><u>Prof. Estefan\u00eda Guerra<\/u><\/span><\/a> en la TCA titulada <i>&#8220;Skills for Democracy: Participation and Civic Engagement in VET&#8221;<\/i> celebrada del 19 al 22 de octubre de 2025 (las Actividades de Formaci\u00f3n y Cooperaci\u00f3n TCA ayudan a las instituciones o centros educativos de los pa\u00edses que participan en el Programa Erasmus+ a entrar en contacto y desarrollar un plan de trabajo con otros centros e instituciones que deseen intercambiar experiencias, colaborar en proyectos de movilidad o establecer una Asociaci\u00f3n Estrat\u00e9gica). Para nuestros proyectos futuros estas actividades han sido una experiencia enriquecedora que nos ha permitido ampliar nuestros socios europeos y dar difusi\u00f3n a nuestras actividades Erasmus y eTwining.<\/span><\/p>\n<div id=\"attachment_12160\" style=\"width: 325px\" class=\"wp-caption alignnone\"><img loading=\"lazy\" decoding=\"async\" aria-describedby=\"caption-attachment-12160\" class=\"wp-image-12160\" src=\"https:\/\/blogsaverroes.juntadeandalucia.es\/plurilinguismodelegacionmalaga\/files\/2025\/12\/Imagen-4-TCA-Viena-225x300.jpg\" alt=\"\" width=\"315\" height=\"420\" srcset=\"https:\/\/blogsaverroes.juntadeandalucia.es\/plurilinguismodelegacionmalaga\/files\/2025\/12\/Imagen-4-TCA-Viena-225x300.jpg 225w, https:\/\/blogsaverroes.juntadeandalucia.es\/plurilinguismodelegacionmalaga\/files\/2025\/12\/Imagen-4-TCA-Viena-768x1024.jpg 768w, https:\/\/blogsaverroes.juntadeandalucia.es\/plurilinguismodelegacionmalaga\/files\/2025\/12\/Imagen-4-TCA-Viena-1152x1536.jpg 1152w, https:\/\/blogsaverroes.juntadeandalucia.es\/plurilinguismodelegacionmalaga\/files\/2025\/12\/Imagen-4-TCA-Viena.jpg 1200w\" sizes=\"(max-width: 315px) 100vw, 315px\" \/><p id=\"caption-attachment-12160\" class=\"wp-caption-text\">Prof. Estefan\u00eda Guerra en el extremo derecho en la TCA de Viena 2025<\/p><\/div>\n<div id=\"attachment_12161\" style=\"width: 439px\" class=\"wp-caption alignright\"><img loading=\"lazy\" decoding=\"async\" aria-describedby=\"caption-attachment-12161\" class=\"wp-image-12161\" src=\"https:\/\/blogsaverroes.juntadeandalucia.es\/plurilinguismodelegacionmalaga\/files\/2025\/12\/Imagen-5-300x225.jpg\" alt=\"\" width=\"429\" height=\"322\" srcset=\"https:\/\/blogsaverroes.juntadeandalucia.es\/plurilinguismodelegacionmalaga\/files\/2025\/12\/Imagen-5-300x225.jpg 300w, https:\/\/blogsaverroes.juntadeandalucia.es\/plurilinguismodelegacionmalaga\/files\/2025\/12\/Imagen-5-1024x768.jpg 1024w, https:\/\/blogsaverroes.juntadeandalucia.es\/plurilinguismodelegacionmalaga\/files\/2025\/12\/Imagen-5-768x576.jpg 768w, https:\/\/blogsaverroes.juntadeandalucia.es\/plurilinguismodelegacionmalaga\/files\/2025\/12\/Imagen-5-1536x1152.jpg 1536w, https:\/\/blogsaverroes.juntadeandalucia.es\/plurilinguismodelegacionmalaga\/files\/2025\/12\/Imagen-5.jpg 2000w\" sizes=\"(max-width: 429px) 100vw, 429px\" \/><p id=\"caption-attachment-12161\" class=\"wp-caption-text\">Prof. Sonia Carillo en TCA de Gante 2024<\/p><\/div>\n<p align=\"justify\">&nbsp;&nbsp;<\/p>\n<p align=\"justify\">&nbsp;<\/p>\n<p align=\"justify\">&nbsp;<\/p>\n<p align=\"justify\">&nbsp;<\/p>\n<p align=\"justify\">&nbsp;<\/p>\n<p align=\"justify\">&nbsp;<\/p>\n<p align=\"justify\">&nbsp;<\/p>\n<p align=\"justify\">&nbsp;<\/p>\n<p align=\"justify\">&nbsp;<\/p>\n<p><img loading=\"lazy\" decoding=\"async\" class=\" wp-image-12162 alignleft\" style=\"text-align: justify\" src=\"https:\/\/blogsaverroes.juntadeandalucia.es\/plurilinguismodelegacionmalaga\/files\/2025\/12\/Imagen-6-Jornadas-300x300.jpg\" alt=\"\" width=\"400\" height=\"400\" srcset=\"https:\/\/blogsaverroes.juntadeandalucia.es\/plurilinguismodelegacionmalaga\/files\/2025\/12\/Imagen-6-Jornadas-300x300.jpg 300w, https:\/\/blogsaverroes.juntadeandalucia.es\/plurilinguismodelegacionmalaga\/files\/2025\/12\/Imagen-6-Jornadas-1024x1024.jpg 1024w, https:\/\/blogsaverroes.juntadeandalucia.es\/plurilinguismodelegacionmalaga\/files\/2025\/12\/Imagen-6-Jornadas-150x150.jpg 150w, https:\/\/blogsaverroes.juntadeandalucia.es\/plurilinguismodelegacionmalaga\/files\/2025\/12\/Imagen-6-Jornadas-768x768.jpg 768w, https:\/\/blogsaverroes.juntadeandalucia.es\/plurilinguismodelegacionmalaga\/files\/2025\/12\/Imagen-6-Jornadas-1536x1536.jpg 1536w, https:\/\/blogsaverroes.juntadeandalucia.es\/plurilinguismodelegacionmalaga\/files\/2025\/12\/Imagen-6-Jornadas-2048x2048.jpg 2048w, https:\/\/blogsaverroes.juntadeandalucia.es\/plurilinguismodelegacionmalaga\/files\/2025\/12\/Imagen-6-Jornadas-80x80.jpg 80w, https:\/\/blogsaverroes.juntadeandalucia.es\/plurilinguismodelegacionmalaga\/files\/2025\/12\/Imagen-6-Jornadas-320x320.jpg 320w\" sizes=\"(max-width: 400px) 100vw, 400px\" \/><\/p>\n<p align=\"justify\"><span style=\"font-family: verdana, geneva, sans-serif\">Consideramos importante tambi\u00e9n acudir presencialmente a las <b>Jornadas de formaci\u00f3n que organiza la Agencia Nacional SEPIE <\/b>para estar al d\u00eda de todas las novedades del Programa Erasmus y para inspirarnos con buenas pr\u00e1cticas. El pasado verano nuestro director y pianista Prof. Enrique Bazaga, que adem\u00e1s forma parte del <b>National Vet Team<\/b>, particip\u00f3 activamente en las Jornadas \u201cErasmus+: formando profesionales, construyendo ciudadan\u00eda europea\u201d. Estas Jornadas para Consejer\u00edas de educaci\u00f3n y miembros de equipos directivos de Centros de FP y de ense\u00f1anzas de r\u00e9gimen especial celebradas en San Javier, Murcia; reunieron a principios de Julio a expertos y profesionales del \u00e1mbito de la FP para debatir sobre el futuro de la formaci\u00f3n profesional, el impacto del programa Erasmus+ de la UE y la importancia de la construcci\u00f3n de una ciudadan\u00eda europea activa a trav\u00e9s de la FP. Adem\u00e1s, el eje transversal de las jornadas fue la prioridad horizontal en Erasmus+ de participaci\u00f3n en la vida democr\u00e1tica, valores comunes europeos y compromiso c\u00edvico, subrayando el papel de la FP no solo en la capacitaci\u00f3n laboral, sino tambi\u00e9n en la formaci\u00f3n de ciudadanos responsables y activos.<\/span><\/p>\n<p align=\"justify\"><span style=\"font-family: verdana, geneva, sans-serif;font-size: 12pt\">Asimismo del 29 al 1 de octubre de 2025 parte de la Comisi\u00f3n Erasmus ha acudido a las <b>Jornadas celebradas en Carmona (Sevilla)<\/b> para proyectos acreditados de movilidad de estudiantes y personal de Formaci\u00f3n Profesional (KA121 VET) donde han podido coincidir y compartir conocimientos con coordinadores Erasmus+ de otros Conservatorios Profesionales de m\u00fasica y danza de toda Espa\u00f1a, que cuentan con la Acreditaci\u00f3n Erasmus (KA120) como nosotros. En la web del <a href=\"https:\/\/www.sepie.es\/comunicacion\/jornadas\/2024-jornadas-sepie.html\"><u><b>SEPIE\/Comunicaci\u00f3n\/Jornadas ferias y eventos<\/b><\/u><\/a> pueden verse los materiales enriquecedores de todas las jornadas ordenados por meses.<\/span><\/p>\n<p align=\"justify\"><span style=\"font-family: verdana, geneva, sans-serif\">Son <b>emocionantes<\/b> tambi\u00e9n nuestras <b>sinergias Erasmus+ <\/b>compartidas con otros centros hom\u00f3logos: <b>llevando a expertos Erasmus<\/b> a nuestros <\/span><img loading=\"lazy\" decoding=\"async\" class=\"wp-image-12163 size-medium alignright\" src=\"https:\/\/blogsaverroes.juntadeandalucia.es\/plurilinguismodelegacionmalaga\/files\/2025\/12\/Imagen-7-Sinergias-300x225.jpg\" alt=\"\" width=\"300\" height=\"225\" srcset=\"https:\/\/blogsaverroes.juntadeandalucia.es\/plurilinguismodelegacionmalaga\/files\/2025\/12\/Imagen-7-Sinergias-300x225.jpg 300w, https:\/\/blogsaverroes.juntadeandalucia.es\/plurilinguismodelegacionmalaga\/files\/2025\/12\/Imagen-7-Sinergias-1024x768.jpg 1024w, https:\/\/blogsaverroes.juntadeandalucia.es\/plurilinguismodelegacionmalaga\/files\/2025\/12\/Imagen-7-Sinergias-768x576.jpg 768w, https:\/\/blogsaverroes.juntadeandalucia.es\/plurilinguismodelegacionmalaga\/files\/2025\/12\/Imagen-7-Sinergias-1536x1152.jpg 1536w, https:\/\/blogsaverroes.juntadeandalucia.es\/plurilinguismodelegacionmalaga\/files\/2025\/12\/Imagen-7-Sinergias.jpg 1600w\" sizes=\"(max-width: 300px) 100vw, 300px\" \/><\/p>\n<p>Equipo Erasmus+ del Conservatorio Profesional de m\u00fasica de Ponferrada en una conferencia online organizada por el CFIE de Ponferrada e impartida por la Prof. Estefan\u00eda Guerra<\/p>\n<p align=\"justify\"><span style=\"font-family: verdana, geneva, sans-serif\">centros adscritos como el curso pasado que pudimos disfrutar del violinista de la Universidad de Gotemburgo <a href=\"https:\/\/www.instagram.com\/reel\/DLAAUSItNjQ\/?utm_source=ig_web_copy_link&amp;igsh=MzRlODBiNWFlZA==\"><span style=\"color: #1155cc\"><u>Prof. Tobias Granmo dando un taller de viol\u00edn y un peque\u00f1o concierto<\/u><\/span><\/a> con su mujer, la organista y pianista Prof. Elena Granmo, en el CEM \u201cAna C\u00e1rdenas\u201d de Antequera; o <b>aconsejando a otros conservatorios<\/b> para que desarrollen sus proyectos con \u00e9xito en este campo de la Internacionalizaci\u00f3n con encuentros presenciales y ponencias organizadas para Conservatorios como el de Pamplona, Ja\u00e9n o recientemente para el Conservatorio \u201cCristobal Halffter\u201d de Ponferrada.<\/span><\/p>\n<p align=\"justify\"><span style=\"font-family: verdana, geneva, sans-serif\">Asimismo el curso pasado fue un gran Evento traer al CPM Manuel Carra al Prof. de coro y compositor italiano <a href=\"https:\/\/www.giuseppemignemi.it\/\"><span style=\"color: #1155cc\"><u><b>Giuseppe Mignemi<\/b><\/u><\/span><\/a> y revivir parte de las acciones que desarrollamos online con nuestro primer proyecto KA2 Erasmus+ con subvenci\u00f3n, un <a href=\"https:\/\/sites.google.com\/view\/portalerasmus\/proyectos-finalizados\/ka229\"><span style=\"color: #1155cc\"><u>KA229<\/u><\/span><\/a> desarrollado virtualmente por la pandemia en 2020. En este <a href=\"https:\/\/sites.google.com\/view\/experto-giuseppe-mignemi\"><span style=\"color: #1155cc\"><u>Blog<\/u><\/span><\/a> hemos plasmado todas las actividades realizadas a lo largo de una semana entera. Emocionante tambi\u00e9n fue ver al <a href=\"https:\/\/www.instagram.com\/reel\/DKaT7DwMHXx\/?utm_source=ig_web_copy_link&amp;igsh=MzRlODBiNWFlZA==\"><span style=\"color: #1155cc\"><u>alumnado y profesorado cantando en el hall <\/u><\/span><\/a>del Conservatorio una de las obras del maestro.<\/span><\/p>\n<p align=\"justify\"><span style=\"font-family: verdana, geneva, sans-serif;font-size: 12pt\">Por \u00faltimo, no nos olvidamos de celebrar cada a\u00f1o los Erasmus Days. Este a\u00f1o lo hemos festejado del 13 al 18 de octubre de 2025 con el evento <b>\u201cEMOCIONA2\u201d<\/b>, registrado entre los 10324 que se han dado en toda Europa. Este evento ha permitido que toda la Comunidad Educativa celebrase con pegatinas vistosas, nuestros dos sellos de calidad nacional eTwinning as\u00ed como que conociera el nuevo proyecto (ver video <a href=\"https:\/\/youtu.be\/VHrcmnxGxbc?si=pG3PO98hvuAm0vqE\"><span style=\"color: #1155cc\"><u>LISTEN2 US<\/u><\/span><\/a> en el Canal youtube ErasmusCarra @erasmuscpmmanuelcarra9462) que est\u00e1 comenzando a desarrollarse de nuevo con el Istituto Tecnico tecnol\u00f3gico &#8220;E. Scalfaro&#8221; de Catanzaro (Italia) y con la Escuela Secundaria \u201cDimitar Talev\u201d de Dobrich (Bulgaria) en el marco de la<b> asignatura optativa \u201cIntroducci\u00f3n a eTwinning\u201d <\/b>. Este proyecto titulado \u201cLISTEN 2 US\u201d se centra en dar valor a nuestros mayores y a nuestro planeta y puedes seguir su evoluci\u00f3n en <a href=\"http:\/\/www.lamusicatetoca.com\/\"><span style=\"color: #1155cc\"><u>www.lamusicatetoca.com<\/u><\/span><\/a> y en su <a href=\"https:\/\/school-education.ec.europa.eu\/en\/etwinning\/projects\/listen-2-us-we-give-europe-voice-our-elders-and-our-natural-heritage\/twinspace?prefLang=es\"><span style=\"color: #1155cc\"><u>Twinspace<\/u><\/span><\/a> en <a href=\"https:\/\/school-education.ec.europa.eu\/en\/etwinning-school-label-application-guidelines#paragraph-id-14285\"><span style=\"color: #1155cc\"><u>ESEP<\/u><\/span><\/a><\/span><\/p>\n<p><img loading=\"lazy\" decoding=\"async\" class=\" wp-image-12168 alignright\" style=\"text-align: justify\" src=\"https:\/\/blogsaverroes.juntadeandalucia.es\/plurilinguismodelegacionmalaga\/files\/2025\/12\/Imagen-9-300x169.png\" alt=\"\" width=\"561\" height=\"316\" srcset=\"https:\/\/blogsaverroes.juntadeandalucia.es\/plurilinguismodelegacionmalaga\/files\/2025\/12\/Imagen-9-300x169.png 300w, https:\/\/blogsaverroes.juntadeandalucia.es\/plurilinguismodelegacionmalaga\/files\/2025\/12\/Imagen-9-1024x576.png 1024w, https:\/\/blogsaverroes.juntadeandalucia.es\/plurilinguismodelegacionmalaga\/files\/2025\/12\/Imagen-9-768x432.png 768w, https:\/\/blogsaverroes.juntadeandalucia.es\/plurilinguismodelegacionmalaga\/files\/2025\/12\/Imagen-9-1536x864.png 1536w, https:\/\/blogsaverroes.juntadeandalucia.es\/plurilinguismodelegacionmalaga\/files\/2025\/12\/Imagen-9.png 1920w\" sizes=\"(max-width: 561px) 100vw, 561px\" \/><\/p>\n<p align=\"justify\"><img loading=\"lazy\" decoding=\"async\" class=\"alignnone wp-image-12164\" src=\"https:\/\/blogsaverroes.juntadeandalucia.es\/plurilinguismodelegacionmalaga\/files\/2025\/12\/Imagen-8-300x300.jpg\" alt=\"\" width=\"364\" height=\"364\" srcset=\"https:\/\/blogsaverroes.juntadeandalucia.es\/plurilinguismodelegacionmalaga\/files\/2025\/12\/Imagen-8-300x300.jpg 300w, https:\/\/blogsaverroes.juntadeandalucia.es\/plurilinguismodelegacionmalaga\/files\/2025\/12\/Imagen-8-1024x1024.jpg 1024w, https:\/\/blogsaverroes.juntadeandalucia.es\/plurilinguismodelegacionmalaga\/files\/2025\/12\/Imagen-8-150x150.jpg 150w, https:\/\/blogsaverroes.juntadeandalucia.es\/plurilinguismodelegacionmalaga\/files\/2025\/12\/Imagen-8-768x768.jpg 768w, https:\/\/blogsaverroes.juntadeandalucia.es\/plurilinguismodelegacionmalaga\/files\/2025\/12\/Imagen-8-80x80.jpg 80w, https:\/\/blogsaverroes.juntadeandalucia.es\/plurilinguismodelegacionmalaga\/files\/2025\/12\/Imagen-8-320x320.jpg 320w, https:\/\/blogsaverroes.juntadeandalucia.es\/plurilinguismodelegacionmalaga\/files\/2025\/12\/Imagen-8.jpg 1181w\" sizes=\"(max-width: 364px) 100vw, 364px\" \/><\/p>\n<p>&nbsp;<\/p>\n<p align=\"justify\"><span style=\"font-family: verdana, geneva, sans-serif;font-size: 12pt\">Seguid atentos a las redes sociales del CPM Manuel Carra y a su <a href=\"https:\/\/www.conservatoriomanuelcarra.es\/\"><span style=\"color: #1155cc\"><u>web<\/u><\/span><\/a> y <a href=\"https:\/\/sites.google.com\/view\/portalerasmus\/inicio?authuser=0\"><span style=\"color: #1155cc\"><u>portal Erasmus<\/u><\/span><\/a> porque todav\u00eda queda mucho por lo que emocionarnos juntos, gracias a la Internacionalizaci\u00f3n.<\/span><\/p>\n<h2 class=\"western\" align=\"center\"><a name=\"_iw9ta14w32vk\"><\/a><span style=\"font-family: verdana, geneva, sans-serif;font-size: 12pt\"> \u00a1Gracias a todos los que hac\u00e9is posible que sigamos creciendo unidos con el programa Erasmus+! <\/span><\/h2>\n<p style=\"text-align: right\" align=\"justify\"><span style=\"font-family: verdana, geneva, sans-serif;font-size: 12pt\">Autor: Dpto de Internacionalizaci\u00f3n del CPM Manuel Carra<\/span><\/p>\n<p align=\"justify\">&nbsp; &nbsp;&nbsp;<\/p>\n","protected":false},"excerpt":{"rendered":"<p>&#8220;Las redes sociales facilitan una comunicaci\u00f3n sin l\u00edmites. Gracias a la digitalizaci\u00f3n, estamos interconectados, pero nos hemos quedado sin relaciones ni v\u00ednculos genuinos&#8221; Byung-Chul Han (Premio Princesa de Asturias de Comunicaci\u00f3n y Humanidades 2025)&#46;&#46;&#46;<\/p>\n","protected":false},"author":8062,"featured_media":12167,"comment_status":"open","ping_status":"open","sticky":false,"template":"","format":"standard","meta":{"ngg_post_thumbnail":0,"footnotes":""},"categories":[11909,2284905],"tags":[],"aioseo_notices":[],"_links":{"self":[{"href":"https:\/\/blogsaverroes.juntadeandalucia.es\/plurilinguismodelegacionmalaga\/wp-json\/wp\/v2\/posts\/12157"}],"collection":[{"href":"https:\/\/blogsaverroes.juntadeandalucia.es\/plurilinguismodelegacionmalaga\/wp-json\/wp\/v2\/posts"}],"about":[{"href":"https:\/\/blogsaverroes.juntadeandalucia.es\/plurilinguismodelegacionmalaga\/wp-json\/wp\/v2\/types\/post"}],"author":[{"embeddable":true,"href":"https:\/\/blogsaverroes.juntadeandalucia.es\/plurilinguismodelegacionmalaga\/wp-json\/wp\/v2\/users\/8062"}],"replies":[{"embeddable":true,"href":"https:\/\/blogsaverroes.juntadeandalucia.es\/plurilinguismodelegacionmalaga\/wp-json\/wp\/v2\/comments?post=12157"}],"version-history":[{"count":4,"href":"https:\/\/blogsaverroes.juntadeandalucia.es\/plurilinguismodelegacionmalaga\/wp-json\/wp\/v2\/posts\/12157\/revisions"}],"predecessor-version":[{"id":12196,"href":"https:\/\/blogsaverroes.juntadeandalucia.es\/plurilinguismodelegacionmalaga\/wp-json\/wp\/v2\/posts\/12157\/revisions\/12196"}],"wp:featuredmedia":[{"embeddable":true,"href":"https:\/\/blogsaverroes.juntadeandalucia.es\/plurilinguismodelegacionmalaga\/wp-json\/wp\/v2\/media\/12167"}],"wp:attachment":[{"href":"https:\/\/blogsaverroes.juntadeandalucia.es\/plurilinguismodelegacionmalaga\/wp-json\/wp\/v2\/media?parent=12157"}],"wp:term":[{"taxonomy":"category","embeddable":true,"href":"https:\/\/blogsaverroes.juntadeandalucia.es\/plurilinguismodelegacionmalaga\/wp-json\/wp\/v2\/categories?post=12157"},{"taxonomy":"post_tag","embeddable":true,"href":"https:\/\/blogsaverroes.juntadeandalucia.es\/plurilinguismodelegacionmalaga\/wp-json\/wp\/v2\/tags?post=12157"}],"curies":[{"name":"wp","href":"https:\/\/api.w.org\/{rel}","templated":true}]}}