{"id":12173,"date":"2025-12-12T12:44:45","date_gmt":"2025-12-12T11:44:45","guid":{"rendered":"https:\/\/blogsaverroes.juntadeandalucia.es\/plurilinguismodelegacionmalaga\/?p=12173"},"modified":"2025-12-12T12:44:45","modified_gmt":"2025-12-12T11:44:45","slug":"los-idiomas-en-el-ies-canovas-del-castillo","status":"publish","type":"post","link":"https:\/\/blogsaverroes.juntadeandalucia.es\/plurilinguismodelegacionmalaga\/2025\/12\/12\/los-idiomas-en-el-ies-canovas-del-castillo\/","title":{"rendered":"Los idiomas en el IES C\u00e1novas del Castillo"},"content":{"rendered":"<p><span style=\"font-family: verdana, geneva, sans-serif\">Los alumnos de 4.\u00ba DIVER realizaron recientemente una encuesta a nivel del centro para averiguar los idiomas que se hablaban en el IES C\u00e1novas del Castillo. Este trabajo tiene como fin el entender lo que es la \u201cglotofobia\u201d (la discriminaci\u00f3n hacia las personas por el acento con el que hablan), una cuesti\u00f3n especialmente relevante en nuestro centro dado el car\u00e1cter <\/span><span style=\"font-family: verdana, geneva, sans-serif\">multicultural aqu\u00ed presente. Tomar conciencia de esta realidad puede llevar a convivir de mejor forma o por lo menos, aprender a respetar las diferencias que es al final lo que nos enriquece.<\/span><\/p>\n<p><span style=\"font-family: verdana, geneva, sans-serif\"><a href=\"https:\/\/blogsaverroes.juntadeandalucia.es\/plurilinguismodelegacionmalaga\/files\/2025\/12\/RESULTADOS_SONDEO_GLOTOFOBIA.pdf\">RESULTADOS_SONDEO_GLOTOFOBIA<\/a><\/span><\/p>\n<p><img loading=\"lazy\" decoding=\"async\" class=\"alignnone size-medium wp-image-12175\" src=\"https:\/\/blogsaverroes.juntadeandalucia.es\/plurilinguismodelegacionmalaga\/files\/2025\/12\/RESULTADOS_SONDEO_GLOTOFOBIA_page-0001-300x169.jpg\" alt=\"\" width=\"300\" height=\"169\" srcset=\"https:\/\/blogsaverroes.juntadeandalucia.es\/plurilinguismodelegacionmalaga\/files\/2025\/12\/RESULTADOS_SONDEO_GLOTOFOBIA_page-0001-300x169.jpg 300w, https:\/\/blogsaverroes.juntadeandalucia.es\/plurilinguismodelegacionmalaga\/files\/2025\/12\/RESULTADOS_SONDEO_GLOTOFOBIA_page-0001-1024x576.jpg 1024w, https:\/\/blogsaverroes.juntadeandalucia.es\/plurilinguismodelegacionmalaga\/files\/2025\/12\/RESULTADOS_SONDEO_GLOTOFOBIA_page-0001-768x432.jpg 768w, https:\/\/blogsaverroes.juntadeandalucia.es\/plurilinguismodelegacionmalaga\/files\/2025\/12\/RESULTADOS_SONDEO_GLOTOFOBIA_page-0001-1536x864.jpg 1536w, https:\/\/blogsaverroes.juntadeandalucia.es\/plurilinguismodelegacionmalaga\/files\/2025\/12\/RESULTADOS_SONDEO_GLOTOFOBIA_page-0001-2048x1152.jpg 2048w\" sizes=\"(max-width: 300px) 100vw, 300px\" \/><\/p>\n<p><span style=\"font-family: verdana, geneva, sans-serif\"><a href=\"https:\/\/blogsaverroes.juntadeandalucia.es\/plurilinguismodelegacionmalaga\/files\/2025\/12\/RESULTADOS_SONDEO_GLOTOFOBIA.pdf\"><img loading=\"lazy\" decoding=\"async\" class=\"alignnone size-medium wp-image-12176\" src=\"https:\/\/blogsaverroes.juntadeandalucia.es\/plurilinguismodelegacionmalaga\/files\/2025\/12\/RESULTADOS_SONDEO_GLOTOFOBIA_page-0002-300x169.jpg\" alt=\"\" width=\"300\" height=\"169\" srcset=\"https:\/\/blogsaverroes.juntadeandalucia.es\/plurilinguismodelegacionmalaga\/files\/2025\/12\/RESULTADOS_SONDEO_GLOTOFOBIA_page-0002-300x169.jpg 300w, https:\/\/blogsaverroes.juntadeandalucia.es\/plurilinguismodelegacionmalaga\/files\/2025\/12\/RESULTADOS_SONDEO_GLOTOFOBIA_page-0002-1024x576.jpg 1024w, https:\/\/blogsaverroes.juntadeandalucia.es\/plurilinguismodelegacionmalaga\/files\/2025\/12\/RESULTADOS_SONDEO_GLOTOFOBIA_page-0002-768x432.jpg 768w, https:\/\/blogsaverroes.juntadeandalucia.es\/plurilinguismodelegacionmalaga\/files\/2025\/12\/RESULTADOS_SONDEO_GLOTOFOBIA_page-0002-1536x864.jpg 1536w, https:\/\/blogsaverroes.juntadeandalucia.es\/plurilinguismodelegacionmalaga\/files\/2025\/12\/RESULTADOS_SONDEO_GLOTOFOBIA_page-0002-2048x1152.jpg 2048w\" sizes=\"(max-width: 300px) 100vw, 300px\" \/><\/a><\/span><\/p>\n<p><img loading=\"lazy\" decoding=\"async\" class=\"alignnone size-medium wp-image-12177\" src=\"https:\/\/blogsaverroes.juntadeandalucia.es\/plurilinguismodelegacionmalaga\/files\/2025\/12\/RESULTADOS_SONDEO_GLOTOFOBIA_page-0003-300x169.jpg\" alt=\"\" width=\"300\" height=\"169\" srcset=\"https:\/\/blogsaverroes.juntadeandalucia.es\/plurilinguismodelegacionmalaga\/files\/2025\/12\/RESULTADOS_SONDEO_GLOTOFOBIA_page-0003-300x169.jpg 300w, https:\/\/blogsaverroes.juntadeandalucia.es\/plurilinguismodelegacionmalaga\/files\/2025\/12\/RESULTADOS_SONDEO_GLOTOFOBIA_page-0003-1024x576.jpg 1024w, https:\/\/blogsaverroes.juntadeandalucia.es\/plurilinguismodelegacionmalaga\/files\/2025\/12\/RESULTADOS_SONDEO_GLOTOFOBIA_page-0003-768x432.jpg 768w, https:\/\/blogsaverroes.juntadeandalucia.es\/plurilinguismodelegacionmalaga\/files\/2025\/12\/RESULTADOS_SONDEO_GLOTOFOBIA_page-0003-1536x864.jpg 1536w, https:\/\/blogsaverroes.juntadeandalucia.es\/plurilinguismodelegacionmalaga\/files\/2025\/12\/RESULTADOS_SONDEO_GLOTOFOBIA_page-0003-2048x1152.jpg 2048w\" sizes=\"(max-width: 300px) 100vw, 300px\" \/><\/p>\n<p><img loading=\"lazy\" decoding=\"async\" class=\"alignnone size-medium wp-image-12178\" src=\"https:\/\/blogsaverroes.juntadeandalucia.es\/plurilinguismodelegacionmalaga\/files\/2025\/12\/RESULTADOS_SONDEO_GLOTOFOBIA_page-0004-300x169.jpg\" alt=\"\" width=\"300\" height=\"169\" srcset=\"https:\/\/blogsaverroes.juntadeandalucia.es\/plurilinguismodelegacionmalaga\/files\/2025\/12\/RESULTADOS_SONDEO_GLOTOFOBIA_page-0004-300x169.jpg 300w, https:\/\/blogsaverroes.juntadeandalucia.es\/plurilinguismodelegacionmalaga\/files\/2025\/12\/RESULTADOS_SONDEO_GLOTOFOBIA_page-0004-1024x576.jpg 1024w, https:\/\/blogsaverroes.juntadeandalucia.es\/plurilinguismodelegacionmalaga\/files\/2025\/12\/RESULTADOS_SONDEO_GLOTOFOBIA_page-0004-768x432.jpg 768w, https:\/\/blogsaverroes.juntadeandalucia.es\/plurilinguismodelegacionmalaga\/files\/2025\/12\/RESULTADOS_SONDEO_GLOTOFOBIA_page-0004-1536x864.jpg 1536w, https:\/\/blogsaverroes.juntadeandalucia.es\/plurilinguismodelegacionmalaga\/files\/2025\/12\/RESULTADOS_SONDEO_GLOTOFOBIA_page-0004-2048x1152.jpg 2048w\" sizes=\"(max-width: 300px) 100vw, 300px\" \/><\/p>\n<p><img loading=\"lazy\" decoding=\"async\" class=\"alignnone size-medium wp-image-12179\" src=\"https:\/\/blogsaverroes.juntadeandalucia.es\/plurilinguismodelegacionmalaga\/files\/2025\/12\/RESULTADOS_SONDEO_GLOTOFOBIA_page-0005-300x169.jpg\" alt=\"\" width=\"300\" height=\"169\" srcset=\"https:\/\/blogsaverroes.juntadeandalucia.es\/plurilinguismodelegacionmalaga\/files\/2025\/12\/RESULTADOS_SONDEO_GLOTOFOBIA_page-0005-300x169.jpg 300w, https:\/\/blogsaverroes.juntadeandalucia.es\/plurilinguismodelegacionmalaga\/files\/2025\/12\/RESULTADOS_SONDEO_GLOTOFOBIA_page-0005-1024x576.jpg 1024w, https:\/\/blogsaverroes.juntadeandalucia.es\/plurilinguismodelegacionmalaga\/files\/2025\/12\/RESULTADOS_SONDEO_GLOTOFOBIA_page-0005-768x432.jpg 768w, https:\/\/blogsaverroes.juntadeandalucia.es\/plurilinguismodelegacionmalaga\/files\/2025\/12\/RESULTADOS_SONDEO_GLOTOFOBIA_page-0005-1536x864.jpg 1536w, https:\/\/blogsaverroes.juntadeandalucia.es\/plurilinguismodelegacionmalaga\/files\/2025\/12\/RESULTADOS_SONDEO_GLOTOFOBIA_page-0005-2048x1152.jpg 2048w\" sizes=\"(max-width: 300px) 100vw, 300px\" \/><\/p>\n","protected":false},"excerpt":{"rendered":"<p>Los alumnos de 4.\u00ba DIVER realizaron recientemente una encuesta a nivel del centro para averiguar los idiomas que se hablaban en el IES C\u00e1novas del Castillo. Este trabajo tiene como fin el entender lo&#46;&#46;&#46;<\/p>\n","protected":false},"author":8062,"featured_media":12175,"comment_status":"open","ping_status":"open","sticky":false,"template":"","format":"standard","meta":{"ngg_post_thumbnail":0,"footnotes":""},"categories":[946,796323],"tags":[],"aioseo_notices":[],"_links":{"self":[{"href":"https:\/\/blogsaverroes.juntadeandalucia.es\/plurilinguismodelegacionmalaga\/wp-json\/wp\/v2\/posts\/12173"}],"collection":[{"href":"https:\/\/blogsaverroes.juntadeandalucia.es\/plurilinguismodelegacionmalaga\/wp-json\/wp\/v2\/posts"}],"about":[{"href":"https:\/\/blogsaverroes.juntadeandalucia.es\/plurilinguismodelegacionmalaga\/wp-json\/wp\/v2\/types\/post"}],"author":[{"embeddable":true,"href":"https:\/\/blogsaverroes.juntadeandalucia.es\/plurilinguismodelegacionmalaga\/wp-json\/wp\/v2\/users\/8062"}],"replies":[{"embeddable":true,"href":"https:\/\/blogsaverroes.juntadeandalucia.es\/plurilinguismodelegacionmalaga\/wp-json\/wp\/v2\/comments?post=12173"}],"version-history":[{"count":1,"href":"https:\/\/blogsaverroes.juntadeandalucia.es\/plurilinguismodelegacionmalaga\/wp-json\/wp\/v2\/posts\/12173\/revisions"}],"predecessor-version":[{"id":12181,"href":"https:\/\/blogsaverroes.juntadeandalucia.es\/plurilinguismodelegacionmalaga\/wp-json\/wp\/v2\/posts\/12173\/revisions\/12181"}],"wp:featuredmedia":[{"embeddable":true,"href":"https:\/\/blogsaverroes.juntadeandalucia.es\/plurilinguismodelegacionmalaga\/wp-json\/wp\/v2\/media\/12175"}],"wp:attachment":[{"href":"https:\/\/blogsaverroes.juntadeandalucia.es\/plurilinguismodelegacionmalaga\/wp-json\/wp\/v2\/media?parent=12173"}],"wp:term":[{"taxonomy":"category","embeddable":true,"href":"https:\/\/blogsaverroes.juntadeandalucia.es\/plurilinguismodelegacionmalaga\/wp-json\/wp\/v2\/categories?post=12173"},{"taxonomy":"post_tag","embeddable":true,"href":"https:\/\/blogsaverroes.juntadeandalucia.es\/plurilinguismodelegacionmalaga\/wp-json\/wp\/v2\/tags?post=12173"}],"curies":[{"name":"wp","href":"https:\/\/api.w.org\/{rel}","templated":true}]}}