{"id":12188,"date":"2025-12-16T11:42:17","date_gmt":"2025-12-16T10:42:17","guid":{"rendered":"https:\/\/blogsaverroes.juntadeandalucia.es\/plurilinguismodelegacionmalaga\/?p=12188"},"modified":"2025-12-16T11:42:17","modified_gmt":"2025-12-16T10:42:17","slug":"encuentro-erasmus-en-torrox-septiembre-2025","status":"publish","type":"post","link":"https:\/\/blogsaverroes.juntadeandalucia.es\/plurilinguismodelegacionmalaga\/2025\/12\/16\/encuentro-erasmus-en-torrox-septiembre-2025\/","title":{"rendered":"Encuentro Erasmus+ en Torrox &#8211; septiembre 2025"},"content":{"rendered":"<p><span style=\"font-family: verdana, geneva, sans-serif\">El pasado 30 de septiembre de 2025 tuvo lugar un enriquecedor encuentro Erasmus+ en el municipio de Torrox, en el que tuvimos el placer de recibir a un grupo de 10 estudiantes procedentes de Aquisgr\u00e1n (Alemania). Estos j\u00f3venes, con edades comprendidas entre los 18 y los 22 a\u00f1os, cursan estudios de Formaci\u00f3n Profesional relacionados con distintas \u00e1reas, como auxiliar de enfermer\u00eda, magisterio, entre otras disciplinas socioeducativas. Todos ellos pertenecen al instituto <em>Berufskolleg Simmerath-Stolberg<\/em>, una instituci\u00f3n con un marcado enfoque pr\u00e1ctico y europeo.<\/span><\/p>\n<p><span style=\"font-family: verdana, geneva, sans-serif\">La finalidad de esta experiencia fue la inmersi\u00f3n cultural y educativa en el sistema espa\u00f1ol, as\u00ed como el intercambio de buenas pr\u00e1cticas entre estudiantes y docentes de ambos pa\u00edses. Para ello, desde el IES Jorge Guill\u00e9n organizamos un completo programa de actividades culturales, educativas y l\u00fadicas, en colaboraci\u00f3n con el profesorado del centro, que no dud\u00f3 en involucrarse para ofrecer lo mejor de nuestra tierra y nuestra ense\u00f1anza.<\/span><br \/>\n<span style=\"font-family: verdana, geneva, sans-serif\">Entre otras cosas bonitas de nuestro pueblo, est\u00e1 el ayuntamiento de Torrox en el que conocieron a nuestro maravilloso alcalde \u00d3scar Medina Espa\u00f1a.<\/span><img loading=\"lazy\" decoding=\"async\" class=\" wp-image-12192 aligncenter\" src=\"https:\/\/blogsaverroes.juntadeandalucia.es\/plurilinguismodelegacionmalaga\/files\/2025\/12\/2-1024x768-1-300x225.jpg\" alt=\"\" width=\"337\" height=\"253\" srcset=\"https:\/\/blogsaverroes.juntadeandalucia.es\/plurilinguismodelegacionmalaga\/files\/2025\/12\/2-1024x768-1-300x225.jpg 300w, https:\/\/blogsaverroes.juntadeandalucia.es\/plurilinguismodelegacionmalaga\/files\/2025\/12\/2-1024x768-1-768x576.jpg 768w, https:\/\/blogsaverroes.juntadeandalucia.es\/plurilinguismodelegacionmalaga\/files\/2025\/12\/2-1024x768-1.jpg 1024w\" sizes=\"(max-width: 337px) 100vw, 337px\" \/> <span style=\"font-family: verdana, geneva, sans-serif\">Entre las actividades destacadas, los estudiantes alemanes pudieron disfrutar de un taller de caj\u00f3n flamenco, impartido por el profesor Antonio Bueno, donde no solo aprendieron los ritmos b\u00e1sicos del instrumento, sino tambi\u00e9n su importancia en el arte flamenco y en la cultura andaluza. Tambi\u00e9n participaron en un animado taller de baile flamenco, dirigido por Luci y Lidia, en el que aprendieron algunos pasos b\u00e1sicos y sintieron la fuerza expresiva de este arte Patrimonio Cultural Inmaterial de la Humanidad.<\/span><\/p>\n<p><span style=\"font-family: verdana, geneva, sans-serif\">La jornada continu\u00f3 con actividades cient\u00edficas de gran inter\u00e9s. El profesor Crist\u00f3bal prepar\u00f3 una serie de experimentos de F\u00edsica y Qu\u00edmica, dise\u00f1ados para despertar la curiosidad y el pensamiento cr\u00edtico de los alumnos. Asimismo, la profesora Arantxa ofreci\u00f3 una sesi\u00f3n pr\u00e1ctica en el laboratorio, donde los estudiantes pudieron observar muestras a trav\u00e9s del microscopio, familiariz\u00e1ndose con el instrumental y el m\u00e9todo cient\u00edfico.<\/span><\/p>\n<p><span style=\"font-family: verdana, geneva, sans-serif\">No obstante, si hay una actividad que quedar\u00e1 grabada en su memoria como el momento m\u00e1s especial del viaje, esa fue la excursi\u00f3n a Nerja. En esta emblem\u00e1tica localidad malague\u00f1a, los estudiantes pudieron disfrutar de un incre\u00edble d\u00eda de sol en sus cristalinas y famosas playas, donde realizaron actividades acu\u00e1ticas como kayak y paddle surf, rodeados de un entorno natural espectacular. Esta jornada no solo sirvi\u00f3 para relajarse y disfrutar del mar Mediterr\u00e1neo, sino tambi\u00e9n para fortalecer los lazos entre los alumnos de ambos pa\u00edses a trav\u00e9s del deporte y la convivencia.<\/span><\/p>\n<p><span style=\"font-family: verdana, geneva, sans-serif\">En definitiva, este encuentro Erasmus+ no solo facilit\u00f3 el aprendizaje de la lengua, la cultura y las costumbres espa\u00f1olas, sino que tambi\u00e9n propici\u00f3 una experiencia humana inolvidable para todos los participantes. Fue una oportunidad \u00fanica de intercambio cultural y educativo, en un ambiente de respeto, colaboraci\u00f3n y enriquecimiento mutuo.<\/span><\/p>\n<p><span style=\"font-family: verdana, geneva, sans-serif\"><strong>ERASMUS PLUS BESUCH<\/strong><\/span><\/p>\n<p><span style=\"font-family: verdana, geneva, sans-serif\">M\u00e4dchen, die am Berufskolleg Simmerath (Stolberg) Aachen studieren.<\/span><br \/>\n<span style=\"font-family: verdana, geneva, sans-serif\">Am 29. September kommen Sie nach Torrox, um an einem Erasmus-Ausflug teilzunehmen. Die Idee dieses Erasmus war es, unser Deutsch zu verbessern und dass Sie die spanische Kultur und das Bildungssystem kennenlernen. Daher haben wir eine Reihe von Aktivit\u00e4ten vorbereitet, um uns damit zu am\u00fcsieren.<\/span><br \/>\n<span style=\"font-family: verdana, geneva, sans-serif\">Am 30. September stellten wir uns vor und gingen zu einem Flamenco-Cajon-Workshop, der von Antonio Bueno geleitet wurde.<\/span><\/p>\n<p><span style=\"font-family: verdana, geneva, sans-serif\"><img loading=\"lazy\" decoding=\"async\" class=\"wp-image-12191 alignleft\" src=\"https:\/\/blogsaverroes.juntadeandalucia.es\/plurilinguismodelegacionmalaga\/files\/2025\/12\/10-1024x768-1-300x225.jpg\" alt=\"\" width=\"339\" height=\"254\" srcset=\"https:\/\/blogsaverroes.juntadeandalucia.es\/plurilinguismodelegacionmalaga\/files\/2025\/12\/10-1024x768-1-300x225.jpg 300w, https:\/\/blogsaverroes.juntadeandalucia.es\/plurilinguismodelegacionmalaga\/files\/2025\/12\/10-1024x768-1-768x576.jpg 768w, https:\/\/blogsaverroes.juntadeandalucia.es\/plurilinguismodelegacionmalaga\/files\/2025\/12\/10-1024x768-1.jpg 1024w\" sizes=\"(max-width: 339px) 100vw, 339px\" \/><\/span><\/p>\n<p><span style=\"font-family: verdana, geneva, sans-serif\">Dann gingen wir ins Dorftheater und lernten, Flamenco zu tanzen.<\/span><\/p>\n<p><span style=\"font-family: verdana, geneva, sans-serif\">Danach kehrten wir zum Institut zur\u00fcck und die Sch\u00fclerInnen der 10. Klasse bereiteten eine Reihe von Experimenten vor, die wir auf Deutsch erkl\u00e4rten.<\/span><br \/>\n<span style=\"font-family: verdana, geneva, sans-serif\">Sie haben auch im Labor mit Professorin Arancha ge\u00fcbt.<\/span><br \/>\n<span style=\"font-family: verdana, geneva, sans-serif\">Die Sch\u00fclerinnen und Sch\u00fcler der 4. Klasse der ESO f\u00fchrten ihre Experimente durch, die ihnen Crist\u00f3bal in vorherigen Klassen erkl\u00e4rt hatte.<\/span><\/p>\n<p>.<img loading=\"lazy\" decoding=\"async\" class=\"alignnone  wp-image-12190\" src=\"https:\/\/blogsaverroes.juntadeandalucia.es\/plurilinguismodelegacionmalaga\/files\/2025\/12\/23-1024x768-1-300x225.jpg\" alt=\"\" width=\"467\" height=\"350\" srcset=\"https:\/\/blogsaverroes.juntadeandalucia.es\/plurilinguismodelegacionmalaga\/files\/2025\/12\/23-1024x768-1-300x225.jpg 300w, https:\/\/blogsaverroes.juntadeandalucia.es\/plurilinguismodelegacionmalaga\/files\/2025\/12\/23-1024x768-1-768x576.jpg 768w, https:\/\/blogsaverroes.juntadeandalucia.es\/plurilinguismodelegacionmalaga\/files\/2025\/12\/23-1024x768-1.jpg 1024w\" sizes=\"(max-width: 467px) 100vw, 467px\" \/><\/p>\n<p><span style=\"font-family: verdana, geneva, sans-serif\">Am 1. Oktober unternahmen die Deutschen morgens eine F\u00fchrung durch das Dorf mit dem Lehrer Juan Antonio. Dann fuhren wir mit dem Bus nach Nerja, um mit Professor Dari\u00e9n Kajak zu fahren und Paddle Surf zu machen.<\/span><\/p>\n<p><span style=\"font-family: verdana, geneva, sans-serif\">Anschlie\u00dfend gingen wir zum Chiringuito Ayo essen,das in Nerja sehr wichtig ist, da dort die Serie \u201cVerano Azul\u201d gedreht wurde. Schlie\u00dflich kehrten wir nach Torrox zur\u00fcck und verabschiedeten uns von den Deutschen. Wir fanden diese Aktivit\u00e4t sehr wichtig, da wir unsere Kulturen vorgestellt haben.<\/span><\/p>\n<p><img loading=\"lazy\" decoding=\"async\" class=\" wp-image-12193\" src=\"https:\/\/blogsaverroes.juntadeandalucia.es\/plurilinguismodelegacionmalaga\/files\/2025\/12\/Gruppenfoto-Paddlesurf-7-1024x896-1-300x263.jpg\" alt=\"\" width=\"425\" height=\"373\" srcset=\"https:\/\/blogsaverroes.juntadeandalucia.es\/plurilinguismodelegacionmalaga\/files\/2025\/12\/Gruppenfoto-Paddlesurf-7-1024x896-1-300x263.jpg 300w, https:\/\/blogsaverroes.juntadeandalucia.es\/plurilinguismodelegacionmalaga\/files\/2025\/12\/Gruppenfoto-Paddlesurf-7-1024x896-1-768x672.jpg 768w, https:\/\/blogsaverroes.juntadeandalucia.es\/plurilinguismodelegacionmalaga\/files\/2025\/12\/Gruppenfoto-Paddlesurf-7-1024x896-1.jpg 1024w\" sizes=\"(max-width: 425px) 100vw, 425px\" \/><\/p>\n<div id=\"attachment_12189\" style=\"width: 493px\" class=\"wp-caption alignnone\"><img loading=\"lazy\" decoding=\"async\" aria-describedby=\"caption-attachment-12189\" class=\" wp-image-12189\" src=\"https:\/\/blogsaverroes.juntadeandalucia.es\/plurilinguismodelegacionmalaga\/files\/2025\/12\/Gruppenfoto-Kayak-2-1024x896-1-300x263.jpg\" alt=\"\" width=\"483\" height=\"423\" srcset=\"https:\/\/blogsaverroes.juntadeandalucia.es\/plurilinguismodelegacionmalaga\/files\/2025\/12\/Gruppenfoto-Kayak-2-1024x896-1-300x263.jpg 300w, https:\/\/blogsaverroes.juntadeandalucia.es\/plurilinguismodelegacionmalaga\/files\/2025\/12\/Gruppenfoto-Kayak-2-1024x896-1-768x672.jpg 768w, https:\/\/blogsaverroes.juntadeandalucia.es\/plurilinguismodelegacionmalaga\/files\/2025\/12\/Gruppenfoto-Kayak-2-1024x896-1.jpg 1024w\" sizes=\"(max-width: 483px) 100vw, 483px\" \/><p id=\"caption-attachment-12189\" class=\"wp-caption-text\">.<\/p><\/div>\n","protected":false},"excerpt":{"rendered":"<p>El pasado 30 de septiembre de 2025 tuvo lugar un enriquecedor encuentro Erasmus+ en el municipio de Torrox, en el que tuvimos el placer de recibir a un grupo de 10 estudiantes procedentes de&#46;&#46;&#46;<\/p>\n","protected":false},"author":8062,"featured_media":0,"comment_status":"open","ping_status":"open","sticky":false,"template":"","format":"standard","meta":{"ngg_post_thumbnail":0,"footnotes":""},"categories":[796323,11909],"tags":[],"aioseo_notices":[],"_links":{"self":[{"href":"https:\/\/blogsaverroes.juntadeandalucia.es\/plurilinguismodelegacionmalaga\/wp-json\/wp\/v2\/posts\/12188"}],"collection":[{"href":"https:\/\/blogsaverroes.juntadeandalucia.es\/plurilinguismodelegacionmalaga\/wp-json\/wp\/v2\/posts"}],"about":[{"href":"https:\/\/blogsaverroes.juntadeandalucia.es\/plurilinguismodelegacionmalaga\/wp-json\/wp\/v2\/types\/post"}],"author":[{"embeddable":true,"href":"https:\/\/blogsaverroes.juntadeandalucia.es\/plurilinguismodelegacionmalaga\/wp-json\/wp\/v2\/users\/8062"}],"replies":[{"embeddable":true,"href":"https:\/\/blogsaverroes.juntadeandalucia.es\/plurilinguismodelegacionmalaga\/wp-json\/wp\/v2\/comments?post=12188"}],"version-history":[{"count":1,"href":"https:\/\/blogsaverroes.juntadeandalucia.es\/plurilinguismodelegacionmalaga\/wp-json\/wp\/v2\/posts\/12188\/revisions"}],"predecessor-version":[{"id":12195,"href":"https:\/\/blogsaverroes.juntadeandalucia.es\/plurilinguismodelegacionmalaga\/wp-json\/wp\/v2\/posts\/12188\/revisions\/12195"}],"wp:attachment":[{"href":"https:\/\/blogsaverroes.juntadeandalucia.es\/plurilinguismodelegacionmalaga\/wp-json\/wp\/v2\/media?parent=12188"}],"wp:term":[{"taxonomy":"category","embeddable":true,"href":"https:\/\/blogsaverroes.juntadeandalucia.es\/plurilinguismodelegacionmalaga\/wp-json\/wp\/v2\/categories?post=12188"},{"taxonomy":"post_tag","embeddable":true,"href":"https:\/\/blogsaverroes.juntadeandalucia.es\/plurilinguismodelegacionmalaga\/wp-json\/wp\/v2\/tags?post=12188"}],"curies":[{"name":"wp","href":"https:\/\/api.w.org\/{rel}","templated":true}]}}