{"id":1370,"date":"2012-03-14T09:53:27","date_gmt":"2012-03-14T08:53:27","guid":{"rendered":"http:\/\/www.educacionenmalaga.es\/bilinguismo\/?p=1370"},"modified":"2012-03-14T09:53:27","modified_gmt":"2012-03-14T08:53:27","slug":"jornada-europea-de-envejecimiento-activo","status":"publish","type":"post","link":"https:\/\/blogsaverroes.juntadeandalucia.es\/plurilinguismodelegacionmalaga\/2012\/03\/14\/jornada-europea-de-envejecimiento-activo\/","title":{"rendered":"Jornada Europea de Envejecimiento Activo"},"content":{"rendered":"<p><strong><em><a rel=\"attachment wp-att-1371\" href=\"http:\/\/www.educacionenmalaga.es\/bilinguismo\/2012\/03\/14\/jornada-europea-de-envejecimiento-activo\/envejecimiento-activo\/\"><img loading=\"lazy\" decoding=\"async\" class=\"alignleft size-medium wp-image-1371\" title=\"envejecimiento-activo\" src=\"http:\/\/www.educacionenmalaga.es\/bilinguismo\/files\/2012\/03\/envejecimiento-activo-300x225.jpg\" alt=\"\" width=\"300\" height=\"225\" \/><\/a>La Oficina Provincial de Informaci\u00f3n Europea (Europe Direct)<\/em><\/strong> organiza\u00a0 la <span style=\"text-decoration: underline\"><em>Jornada Europea de Envejecimiento Activo <\/em><\/span>que tendr\u00e1 lugar los pr\u00f3ximos d\u00edas <strong>19 y 20 de marzo de 2012<\/strong> en el Centro C\u00edvico de la Diputaci\u00f3n Provincial de M\u00e1laga, con motivo del <em><strong>A\u00f1o Europeo de Envejecimiento Activo y la Solidaridad Intergeneracional<\/strong><\/em> que se celebra a lo largo de este a\u00f1o 2012.<\/p>\n<div style=\"width: 425px\"><strong style=\"margin: 12px 0 4px\"><a title=\"Triptico jornadas envejecimiento activo\" href=\"http:\/\/www.slideshare.net\/educacionenmalagavalores\/triptico-jornadas-envejecimiento-activo\" target=\"_blank\" rel=\"noopener noreferrer\">Triptico jornadas envejecimiento activo<\/a><\/strong> <object id=\"__sse12000657\" width=\"425\" height=\"355\"><param name=\"movie\" value=\"http:\/\/static.slidesharecdn.com\/swf\/ssplayer2.swf?doc=tripticojornadasenvejecimientoactivo-120314032904-phpapp01&amp;stripped_title=triptico-jornadas-envejecimiento-activo&amp;userName=educacionenmalagavalores\" \/><param name=\"allowFullScreen\" value=\"true\" \/><param name=\"allowScriptAccess\" value=\"always\" \/><param name=\"wmode\" value=\"transparent\" \/><embed type=\"application\/x-shockwave-flash\" width=\"425\" height=\"355\" src=\"http:\/\/static.slidesharecdn.com\/swf\/ssplayer2.swf?doc=tripticojornadasenvejecimientoactivo-120314032904-phpapp01&amp;stripped_title=triptico-jornadas-envejecimiento-activo&amp;userName=educacionenmalagavalores\" allowscriptaccess=\"always\" allowfullscreen=\"true\" wmode=\"transparent\"><\/embed><\/object><\/div>\n<div id=\"__ss_12000657\" style=\"width: 425px\">\n<div style=\"padding: 5px 0 12px\">View more <a href=\"http:\/\/www.slideshare.net\/\" target=\"_blank\" rel=\"noopener noreferrer\">presentations<\/a> from <a href=\"http:\/\/www.slideshare.net\/educacionenmalagavalores\" target=\"_blank\" rel=\"noopener noreferrer\">educacionenmalagavalores<\/a><\/div>\n<\/div>\n","protected":false},"excerpt":{"rendered":"<p>La Oficina Provincial de Informaci\u00f3n Europea (Europe Direct) organiza\u00a0 la Jornada Europea de Envejecimiento Activo que tendr\u00e1 lugar los pr\u00f3ximos d\u00edas 19 y 20 de marzo de 2012 en el Centro C\u00edvico de la&#46;&#46;&#46;<\/p>\n","protected":false},"author":1124,"featured_media":0,"comment_status":"open","ping_status":"open","sticky":false,"template":"","format":"standard","meta":{"ngg_post_thumbnail":0,"footnotes":""},"categories":[2134014],"tags":[],"aioseo_notices":[],"_links":{"self":[{"href":"https:\/\/blogsaverroes.juntadeandalucia.es\/plurilinguismodelegacionmalaga\/wp-json\/wp\/v2\/posts\/1370"}],"collection":[{"href":"https:\/\/blogsaverroes.juntadeandalucia.es\/plurilinguismodelegacionmalaga\/wp-json\/wp\/v2\/posts"}],"about":[{"href":"https:\/\/blogsaverroes.juntadeandalucia.es\/plurilinguismodelegacionmalaga\/wp-json\/wp\/v2\/types\/post"}],"author":[{"embeddable":true,"href":"https:\/\/blogsaverroes.juntadeandalucia.es\/plurilinguismodelegacionmalaga\/wp-json\/wp\/v2\/users\/1124"}],"replies":[{"embeddable":true,"href":"https:\/\/blogsaverroes.juntadeandalucia.es\/plurilinguismodelegacionmalaga\/wp-json\/wp\/v2\/comments?post=1370"}],"version-history":[{"count":0,"href":"https:\/\/blogsaverroes.juntadeandalucia.es\/plurilinguismodelegacionmalaga\/wp-json\/wp\/v2\/posts\/1370\/revisions"}],"wp:attachment":[{"href":"https:\/\/blogsaverroes.juntadeandalucia.es\/plurilinguismodelegacionmalaga\/wp-json\/wp\/v2\/media?parent=1370"}],"wp:term":[{"taxonomy":"category","embeddable":true,"href":"https:\/\/blogsaverroes.juntadeandalucia.es\/plurilinguismodelegacionmalaga\/wp-json\/wp\/v2\/categories?post=1370"},{"taxonomy":"post_tag","embeddable":true,"href":"https:\/\/blogsaverroes.juntadeandalucia.es\/plurilinguismodelegacionmalaga\/wp-json\/wp\/v2\/tags?post=1370"}],"curies":[{"name":"wp","href":"https:\/\/api.w.org\/{rel}","templated":true}]}}