{"id":1376,"date":"2012-03-14T09:56:21","date_gmt":"2012-03-14T08:56:21","guid":{"rendered":"http:\/\/www.educacionenmalaga.es\/bilinguismo\/2012\/03\/14\/concurso-de-cortos-de-la-asia-europe-foundation\/"},"modified":"2012-03-14T09:56:21","modified_gmt":"2012-03-14T08:56:21","slug":"concurso-de-cortos-de-la-asia-europe-foundation","status":"publish","type":"post","link":"https:\/\/blogsaverroes.juntadeandalucia.es\/plurilinguismodelegacionmalaga\/2012\/03\/14\/concurso-de-cortos-de-la-asia-europe-foundation\/","title":{"rendered":"Concurso de cortos de la Asia-Europe Foundation"},"content":{"rendered":"<p>Via <a style='font-weight: bold;font-size: 18px' href='http:\/\/www.scoop.it\/t\/plurilinguismo\/p\/1416176773\/concurso-de-cortos-de-la-asia-europe-foundation'>Scoop.it<\/a> &#8211; <a href='http:\/\/www.scoop.it\/t\/plurilinguismo'>Pluriling\u00fcismo y Programas Europeos<\/a><br \/><img src='http:\/\/img.scoop.it\/eaRKE6fBSXianFLNrWK2BTl72eJkfbmt4t8yenImKBXEejxNn4ZJNZ2ss5Ku7Cxt' \/><br \/>La Fundaci\u00f3n Europa-Asia convoca un concurso de cortos que muestren la interelaci\u00f3n entre los dos continentes. J\u00f3venes de entre 18 y 35 a\u00f1os, m\u00e1ximo 3 minutos de duraci\u00f3n.<br \/><a href='http:\/\/www.asef.org\/index.php\/shorts'>Via www.asef.org<\/a><\/p>\n","protected":false},"excerpt":{"rendered":"<p>Via Scoop.it &#8211; Pluriling\u00fcismo y Programas EuropeosLa Fundaci\u00f3n Europa-Asia convoca un concurso de cortos que muestren la interelaci\u00f3n entre los dos continentes. J\u00f3venes de entre 18 y 35 a\u00f1os, m\u00e1ximo 3 minutos de duraci\u00f3n.Via&#46;&#46;&#46;<\/p>\n","protected":false},"author":1124,"featured_media":0,"comment_status":"open","ping_status":"open","sticky":false,"template":"","format":"standard","meta":{"ngg_post_thumbnail":0,"footnotes":""},"categories":[2284639],"tags":[],"aioseo_notices":[],"_links":{"self":[{"href":"https:\/\/blogsaverroes.juntadeandalucia.es\/plurilinguismodelegacionmalaga\/wp-json\/wp\/v2\/posts\/1376"}],"collection":[{"href":"https:\/\/blogsaverroes.juntadeandalucia.es\/plurilinguismodelegacionmalaga\/wp-json\/wp\/v2\/posts"}],"about":[{"href":"https:\/\/blogsaverroes.juntadeandalucia.es\/plurilinguismodelegacionmalaga\/wp-json\/wp\/v2\/types\/post"}],"author":[{"embeddable":true,"href":"https:\/\/blogsaverroes.juntadeandalucia.es\/plurilinguismodelegacionmalaga\/wp-json\/wp\/v2\/users\/1124"}],"replies":[{"embeddable":true,"href":"https:\/\/blogsaverroes.juntadeandalucia.es\/plurilinguismodelegacionmalaga\/wp-json\/wp\/v2\/comments?post=1376"}],"version-history":[{"count":0,"href":"https:\/\/blogsaverroes.juntadeandalucia.es\/plurilinguismodelegacionmalaga\/wp-json\/wp\/v2\/posts\/1376\/revisions"}],"wp:attachment":[{"href":"https:\/\/blogsaverroes.juntadeandalucia.es\/plurilinguismodelegacionmalaga\/wp-json\/wp\/v2\/media?parent=1376"}],"wp:term":[{"taxonomy":"category","embeddable":true,"href":"https:\/\/blogsaverroes.juntadeandalucia.es\/plurilinguismodelegacionmalaga\/wp-json\/wp\/v2\/categories?post=1376"},{"taxonomy":"post_tag","embeddable":true,"href":"https:\/\/blogsaverroes.juntadeandalucia.es\/plurilinguismodelegacionmalaga\/wp-json\/wp\/v2\/tags?post=1376"}],"curies":[{"name":"wp","href":"https:\/\/api.w.org\/{rel}","templated":true}]}}