{"id":1443,"date":"2012-05-16T12:51:50","date_gmt":"2012-05-16T11:51:50","guid":{"rendered":"http:\/\/www.educacionenmalaga.es\/bilinguismo\/?p=1443"},"modified":"2012-05-16T12:51:50","modified_gmt":"2012-05-16T11:51:50","slug":"taller-aprende-lenguas-a-traves-de-las-canciones-en-la-eoi-de-malaga","status":"publish","type":"post","link":"https:\/\/blogsaverroes.juntadeandalucia.es\/plurilinguismodelegacionmalaga\/2012\/05\/16\/taller-aprende-lenguas-a-traves-de-las-canciones-en-la-eoi-de-malaga\/","title":{"rendered":"Taller : Aprende Lenguas a trav\u00e9s de las canciones en la EOI de M\u00e1laga"},"content":{"rendered":"<p style=\"text-align: justify\"><a rel=\"attachment wp-att-1444\" href=\"http:\/\/www.educacionenmalaga.es\/bilinguismo\/2012\/05\/16\/taller-aprende-lenguas-a-traves-de-las-canciones-en-la-eoi-de-malaga\/eoiprograma\/\"><img loading=\"lazy\" decoding=\"async\" class=\"alignleft size-thumbnail wp-image-1444\" title=\"eoiprograma\" src=\"http:\/\/www.educacionenmalaga.es\/bilinguismo\/files\/2012\/05\/eoiprograma-150x150.jpg\" alt=\"\" width=\"150\" height=\"150\" \/><\/a>El viernes 1 de junio tendr\u00e1 lugar la actividad: <em>&#8220;Taller interactivo: Aprende Lenguas a trav\u00e9s de las canciones en la Escuela Oficial de Idiomas&#8221;<\/em>.<\/p>\n<p style=\"text-align: justify\">Inscripci\u00f3n hasta el 25\/05 en\u00a0mlpoga108@gmail.com (indicando nombre, centro, lengua que se imparte) . La asistencia ser\u00e1 certificada por la EOI.<\/p>\n<p style=\"text-align: justify\">M\u00e1s informaci\u00f3n <a href=\"http:\/\/www.cepmalaga.com\/blog\/?p=2664\" target=\"_blank\" rel=\"noopener noreferrer\">en el blog del CEP de M\u00e1laga <\/a><\/p>\n<p style=\"text-align: justify\">&nbsp;<\/p>\n","protected":false},"excerpt":{"rendered":"<p>El viernes 1 de junio tendr\u00e1 lugar la actividad: &#8220;Taller interactivo: Aprende Lenguas a trav\u00e9s de las canciones en la Escuela Oficial de Idiomas&#8221;. Inscripci\u00f3n hasta el 25\/05 en\u00a0mlpoga108@gmail.com (indicando nombre, centro, lengua que&#46;&#46;&#46;<\/p>\n","protected":false},"author":1124,"featured_media":0,"comment_status":"open","ping_status":"open","sticky":false,"template":"","format":"standard","meta":{"ngg_post_thumbnail":0,"footnotes":""},"categories":[2134014],"tags":[2278],"aioseo_notices":[],"_links":{"self":[{"href":"https:\/\/blogsaverroes.juntadeandalucia.es\/plurilinguismodelegacionmalaga\/wp-json\/wp\/v2\/posts\/1443"}],"collection":[{"href":"https:\/\/blogsaverroes.juntadeandalucia.es\/plurilinguismodelegacionmalaga\/wp-json\/wp\/v2\/posts"}],"about":[{"href":"https:\/\/blogsaverroes.juntadeandalucia.es\/plurilinguismodelegacionmalaga\/wp-json\/wp\/v2\/types\/post"}],"author":[{"embeddable":true,"href":"https:\/\/blogsaverroes.juntadeandalucia.es\/plurilinguismodelegacionmalaga\/wp-json\/wp\/v2\/users\/1124"}],"replies":[{"embeddable":true,"href":"https:\/\/blogsaverroes.juntadeandalucia.es\/plurilinguismodelegacionmalaga\/wp-json\/wp\/v2\/comments?post=1443"}],"version-history":[{"count":0,"href":"https:\/\/blogsaverroes.juntadeandalucia.es\/plurilinguismodelegacionmalaga\/wp-json\/wp\/v2\/posts\/1443\/revisions"}],"wp:attachment":[{"href":"https:\/\/blogsaverroes.juntadeandalucia.es\/plurilinguismodelegacionmalaga\/wp-json\/wp\/v2\/media?parent=1443"}],"wp:term":[{"taxonomy":"category","embeddable":true,"href":"https:\/\/blogsaverroes.juntadeandalucia.es\/plurilinguismodelegacionmalaga\/wp-json\/wp\/v2\/categories?post=1443"},{"taxonomy":"post_tag","embeddable":true,"href":"https:\/\/blogsaverroes.juntadeandalucia.es\/plurilinguismodelegacionmalaga\/wp-json\/wp\/v2\/tags?post=1443"}],"curies":[{"name":"wp","href":"https:\/\/api.w.org\/{rel}","templated":true}]}}