{"id":1626,"date":"2012-06-08T10:31:46","date_gmt":"2012-06-08T09:31:46","guid":{"rendered":"http:\/\/www.educacionenmalaga.es\/bilinguismo\/?p=1626"},"modified":"2012-06-08T10:31:46","modified_gmt":"2012-06-08T09:31:46","slug":"visita-del-instituto-euclide-scientifico-de-cagliari-cerdena-al-ies-vega-de-mijas","status":"publish","type":"post","link":"https:\/\/blogsaverroes.juntadeandalucia.es\/plurilinguismodelegacionmalaga\/2012\/06\/08\/visita-del-instituto-euclide-scientifico-de-cagliari-cerdena-al-ies-vega-de-mijas\/","title":{"rendered":"Visita del Instituto Euclide Scientifico de Cagliari (Cerde\u00f1a) al IES Vega de Mijas"},"content":{"rendered":"<p style=\"text-align: justify\"><a rel=\"attachment wp-att-1627 noopener noreferrer\" href=\"http:\/\/www.educacionenmalaga.es\/bilinguismo\/2012\/06\/08\/visita-del-instituto-euclide-scientifico-de-cagliari-cerdena-al-ies-vega-de-mijas\/intercambiomijas\/\" target=\"_blank\"><img loading=\"lazy\" decoding=\"async\" class=\"alignleft size-thumbnail wp-image-1627\" title=\"intercambiomijas\" src=\"http:\/\/www.educacionenmalaga.es\/bilinguismo\/files\/2012\/06\/intercambiomijas-150x150.jpg\" alt=\"\" width=\"150\" height=\"150\" srcset=\"https:\/\/blogsaverroes.juntadeandalucia.es\/plurilinguismodelegacionmalaga\/files\/2012\/06\/intercambiomijas-150x150.jpg 150w, https:\/\/blogsaverroes.juntadeandalucia.es\/plurilinguismodelegacionmalaga\/files\/2012\/06\/intercambiomijas-100x100.jpg 100w, https:\/\/blogsaverroes.juntadeandalucia.es\/plurilinguismodelegacionmalaga\/files\/2012\/06\/intercambiomijas-160x160.jpg 160w, https:\/\/blogsaverroes.juntadeandalucia.es\/plurilinguismodelegacionmalaga\/files\/2012\/06\/intercambiomijas-320x320.jpg 320w\" sizes=\"(max-width: 150px) 100vw, 150px\" \/><\/a>El <em>IES Vega de Mijas<\/em> de Mijas Costa recibi\u00f3 al grupo de Intercambio Bilateral del Liceo Euclide Scientifico de Cagliari (Cerde\u00f1a) enmarcado en el <em>Proyecto Comenius<\/em> <strong><em>Challenges of Eco-Citizenship<\/em><\/strong> en el que participan ambos centros junto al <em>Stedelijk Gymnasium <\/em>y al\u00a0<em>Sophie Charlotte Oberschule<\/em> de Holanda y Alemania.<!--more--><\/p>\n<p style=\"text-align: justify\">El alumnado espa\u00f1ol ha realizado varias actividades educativas relacionadas con el Medio Ambiente ( Talleres educativos sobre el Medioambiente en Sierra Nevada, talleres de reciclado y actividades de plantaci\u00f3n en el instituto) y ha preparado presentaciones y experimentos para la visita del grupo italiano en Espa\u00f1a. Las parejas italiano espa\u00f1olas intercambiaron cartas de presentaci\u00f3n y correos para conocerse mejor.<\/p>\n<p style=\"text-align: justify\">Durante la visita el programa de actividades, coordinado por <em>Pablo Navarro,<\/em> profesor de Ciencias Naturales, incluy\u00f3 las presentaciones del alumnado espa\u00f1ol e italiano sobre el tema del Proyecto Comenius en el que trabajan. Los departamentos de Ciencias Naturales, Ingl\u00e9s, Educaci\u00f3n F\u00edsica y Turismo contribuyeron al proyecto con diversas actividades, experimentos, charla, presentaciones de trabajos y juegos en la playa.\u00a0El resultado de los trabajos ha sido presentado al concurso <em><a href=\"http:\/\/www.euro-scola.com\/indice.php\" target=\"_blank\" rel=\"noopener noreferrer\">Euroscola 2012.<\/a><\/em><\/p>\n<p style=\"text-align: justify\">Las familias espa\u00f1olas de 4\u00ba de ESO que alojaron en su domicilio a un alumno o alumna de Cagliari durante una semana compartieron la vida diaria y les acompa\u00f1aron siempre en las actividades, favoreciendo as\u00ed el intercambio cultural y la convivencia.<\/p>\n<p style=\"text-align: justify\"><em>\u201cHa sido la mejor experiencia de mi vida\u201d<\/em> comentaba una alumna italiana entre l\u00e1grimas\u201d.\u201c<em>He aprendido m\u00e1s ingl\u00e9s que en todo lo que llevamos de curso\u201d<\/em>. <em>\u201cHemos puesto cajas para reciclar en nuestra casa, hemos visto c\u00f3mo reciclais aqu\u00ed, hemos aprendido a ser m\u00e1s respetuosos con el medio ambiente<\/em>\u201d, fueron parte de las reflexiones finales de esta fase del proyecto.<\/p>\n<p style=\"text-align: justify\">Y es que no hay nada como la experiencia personal y la vida real para poner en marcha la m\u00e1quina del aprendizaje. El grupo de alumnos y alumnas espa\u00f1oles esperan impacientes que pase el verano para poder visitar Cagliari en Septiembre y as\u00ed poder devolver la hospitalidad que han recibido en las familias de Mjas.<\/p>\n<p style=\"text-align: justify\">Para ver la presentaci\u00f3n en im\u00e1genes de la visita <a href=\"http:\/\/megaswf.com\/s\/2441934\" target=\"_blank\" rel=\"noopener noreferrer\">aqu\u00ed<\/a><\/p>\n","protected":false},"excerpt":{"rendered":"<p>El IES Vega de Mijas de Mijas Costa recibi\u00f3 al grupo de Intercambio Bilateral del Liceo Euclide Scientifico de Cagliari (Cerde\u00f1a) enmarcado en el Proyecto Comenius Challenges of Eco-Citizenship en el que participan ambos&#46;&#46;&#46;<\/p>\n","protected":false},"author":1124,"featured_media":0,"comment_status":"open","ping_status":"open","sticky":false,"template":"","format":"standard","meta":{"ngg_post_thumbnail":0,"footnotes":""},"categories":[2134355],"tags":[],"aioseo_notices":[],"_links":{"self":[{"href":"https:\/\/blogsaverroes.juntadeandalucia.es\/plurilinguismodelegacionmalaga\/wp-json\/wp\/v2\/posts\/1626"}],"collection":[{"href":"https:\/\/blogsaverroes.juntadeandalucia.es\/plurilinguismodelegacionmalaga\/wp-json\/wp\/v2\/posts"}],"about":[{"href":"https:\/\/blogsaverroes.juntadeandalucia.es\/plurilinguismodelegacionmalaga\/wp-json\/wp\/v2\/types\/post"}],"author":[{"embeddable":true,"href":"https:\/\/blogsaverroes.juntadeandalucia.es\/plurilinguismodelegacionmalaga\/wp-json\/wp\/v2\/users\/1124"}],"replies":[{"embeddable":true,"href":"https:\/\/blogsaverroes.juntadeandalucia.es\/plurilinguismodelegacionmalaga\/wp-json\/wp\/v2\/comments?post=1626"}],"version-history":[{"count":0,"href":"https:\/\/blogsaverroes.juntadeandalucia.es\/plurilinguismodelegacionmalaga\/wp-json\/wp\/v2\/posts\/1626\/revisions"}],"wp:attachment":[{"href":"https:\/\/blogsaverroes.juntadeandalucia.es\/plurilinguismodelegacionmalaga\/wp-json\/wp\/v2\/media?parent=1626"}],"wp:term":[{"taxonomy":"category","embeddable":true,"href":"https:\/\/blogsaverroes.juntadeandalucia.es\/plurilinguismodelegacionmalaga\/wp-json\/wp\/v2\/categories?post=1626"},{"taxonomy":"post_tag","embeddable":true,"href":"https:\/\/blogsaverroes.juntadeandalucia.es\/plurilinguismodelegacionmalaga\/wp-json\/wp\/v2\/tags?post=1626"}],"curies":[{"name":"wp","href":"https:\/\/api.w.org\/{rel}","templated":true}]}}