{"id":1803,"date":"2012-07-04T08:52:15","date_gmt":"2012-07-04T07:52:15","guid":{"rendered":"http:\/\/www.educacionenmalaga.es\/bilinguismo\/?p=1803"},"modified":"2012-07-04T08:52:15","modified_gmt":"2012-07-04T07:52:15","slug":"publicados-materiales-de-bilinguismo-en-frances-desde-el-ceip-ramon-garcia-de-estepona","status":"publish","type":"post","link":"https:\/\/blogsaverroes.juntadeandalucia.es\/plurilinguismodelegacionmalaga\/2012\/07\/04\/publicados-materiales-de-bilinguismo-en-frances-desde-el-ceip-ramon-garcia-de-estepona\/","title":{"rendered":"Publicados materiales  de biling\u00fcismo en franc\u00e9s desde el CEIP Ram\u00f3n Garc\u00eda de Estepona"},"content":{"rendered":"<p style=\"text-align: justify\"><a href=\"http:\/\/www.educacionenmalaga.es\/bilinguismo\/2012\/07\/04\/publicados-materiales-de-bilinguismo-en-frances-desde-el-ceip-ramon-garcia-de-estepona\/francesbilingue\/\" rel=\"attachment wp-att-1804\"><img loading=\"lazy\" decoding=\"async\" class=\"alignleft size-thumbnail wp-image-1804\" title=\"francesbilingue\" src=\"http:\/\/www.educacionenmalaga.es\/bilinguismo\/files\/2012\/07\/francesbilingue-150x150.jpg\" alt=\"\" width=\"150\" height=\"150\" srcset=\"https:\/\/blogsaverroes.juntadeandalucia.es\/plurilinguismodelegacionmalaga\/files\/2012\/07\/francesbilingue-150x150.jpg 150w, https:\/\/blogsaverroes.juntadeandalucia.es\/plurilinguismodelegacionmalaga\/files\/2012\/07\/francesbilingue-100x100.jpg 100w, https:\/\/blogsaverroes.juntadeandalucia.es\/plurilinguismodelegacionmalaga\/files\/2012\/07\/francesbilingue-160x160.jpg 160w, https:\/\/blogsaverroes.juntadeandalucia.es\/plurilinguismodelegacionmalaga\/files\/2012\/07\/francesbilingue-320x320.jpg 320w\" sizes=\"(max-width: 150px) 100vw, 150px\" \/><\/a>El <em>CEIP Ram\u00f3n Garc\u00eda de Estepona<\/em> publica en nuestro blog los materiales que han elaborado a lo largo del curso en franc\u00e9s para compartirlos con el resto de centros biling\u00fces y la comunidad digital en general . Los materiales son para los cursos de 2\u00ba, 5\u00ba y 6\u00ba de Primaria biling\u00fce franc\u00e9s.<\/p>\n<h3 style=\"text-align: justify\">Para acceder a los materiales:<\/h3>\n<p style=\"text-align: justify\">CARPETA SVT 2:\u00a0<a href=\"https:\/\/www.box.com\/files\/0\/f\/320175777\">https:\/\/www.box.com\/files\/0\/f\/320175777<\/a><\/p>\n<p style=\"text-align: justify\">CARPETA SVT 5:\u00a0<a href=\"https:\/\/www.box.com\/files\/0\/f\/320177765\">https:\/\/www.box.com\/files\/0\/f\/320177765<\/a><\/p>\n<p style=\"text-align: justify\">CARPETA SVT 6:\u00a0<a href=\"https:\/\/www.box.com\/files\/0\/f\/320190177\">https:\/\/www.box.com\/files\/0\/f\/320190177<\/a><\/p>\n","protected":false},"excerpt":{"rendered":"<p>El CEIP Ram\u00f3n Garc\u00eda de Estepona publica en nuestro blog los materiales que han elaborado a lo largo del curso en franc\u00e9s para compartirlos con el resto de centros biling\u00fces y la comunidad digital&#46;&#46;&#46;<\/p>\n","protected":false},"author":1124,"featured_media":0,"comment_status":"open","ping_status":"open","sticky":false,"template":"","format":"standard","meta":{"ngg_post_thumbnail":0,"footnotes":""},"categories":[4],"tags":[429,849],"aioseo_notices":[],"_links":{"self":[{"href":"https:\/\/blogsaverroes.juntadeandalucia.es\/plurilinguismodelegacionmalaga\/wp-json\/wp\/v2\/posts\/1803"}],"collection":[{"href":"https:\/\/blogsaverroes.juntadeandalucia.es\/plurilinguismodelegacionmalaga\/wp-json\/wp\/v2\/posts"}],"about":[{"href":"https:\/\/blogsaverroes.juntadeandalucia.es\/plurilinguismodelegacionmalaga\/wp-json\/wp\/v2\/types\/post"}],"author":[{"embeddable":true,"href":"https:\/\/blogsaverroes.juntadeandalucia.es\/plurilinguismodelegacionmalaga\/wp-json\/wp\/v2\/users\/1124"}],"replies":[{"embeddable":true,"href":"https:\/\/blogsaverroes.juntadeandalucia.es\/plurilinguismodelegacionmalaga\/wp-json\/wp\/v2\/comments?post=1803"}],"version-history":[{"count":0,"href":"https:\/\/blogsaverroes.juntadeandalucia.es\/plurilinguismodelegacionmalaga\/wp-json\/wp\/v2\/posts\/1803\/revisions"}],"wp:attachment":[{"href":"https:\/\/blogsaverroes.juntadeandalucia.es\/plurilinguismodelegacionmalaga\/wp-json\/wp\/v2\/media?parent=1803"}],"wp:term":[{"taxonomy":"category","embeddable":true,"href":"https:\/\/blogsaverroes.juntadeandalucia.es\/plurilinguismodelegacionmalaga\/wp-json\/wp\/v2\/categories?post=1803"},{"taxonomy":"post_tag","embeddable":true,"href":"https:\/\/blogsaverroes.juntadeandalucia.es\/plurilinguismodelegacionmalaga\/wp-json\/wp\/v2\/tags?post=1803"}],"curies":[{"name":"wp","href":"https:\/\/api.w.org\/{rel}","templated":true}]}}