{"id":1947,"date":"2012-09-21T09:10:50","date_gmt":"2012-09-21T08:10:50","guid":{"rendered":"http:\/\/www.educacionenmalaga.es\/bilinguismo\/?p=1947"},"modified":"2012-09-21T09:10:50","modified_gmt":"2012-09-21T08:10:50","slug":"european-day-of-languages-2012","status":"publish","type":"post","link":"https:\/\/blogsaverroes.juntadeandalucia.es\/plurilinguismodelegacionmalaga\/2012\/09\/21\/european-day-of-languages-2012\/","title":{"rendered":"European day of Languages 2012"},"content":{"rendered":"<p style=\"text-align: justify\">Por iniciativa del Consejo de Europa en Estrasburgo, el D\u00eda<img loading=\"lazy\" decoding=\"async\" class=\"alignright size-full wp-image-1948\" src=\"https:\/\/blogsaverroes.juntadeandalucia.es\/plurilinguismodelegacionmalaga\/files\/2012\/09\/dia_eu-lenguas_ic.gif\" alt=\"\" width=\"150\" height=\"150\" srcset=\"https:\/\/blogsaverroes.juntadeandalucia.es\/plurilinguismodelegacionmalaga\/files\/2012\/09\/dia_eu-lenguas_ic.gif 150w, https:\/\/blogsaverroes.juntadeandalucia.es\/plurilinguismodelegacionmalaga\/files\/2012\/09\/dia_eu-lenguas_ic-100x100.gif 100w, https:\/\/blogsaverroes.juntadeandalucia.es\/plurilinguismodelegacionmalaga\/files\/2012\/09\/dia_eu-lenguas_ic-24x24.gif 24w, https:\/\/blogsaverroes.juntadeandalucia.es\/plurilinguismodelegacionmalaga\/files\/2012\/09\/dia_eu-lenguas_ic-36x36.gif 36w, https:\/\/blogsaverroes.juntadeandalucia.es\/plurilinguismodelegacionmalaga\/files\/2012\/09\/dia_eu-lenguas_ic-48x48.gif 48w\" sizes=\"(max-width: 150px) 100vw, 150px\" \/> Europeo de las Lenguas se viene celebrando, desde 2001, el 26 de septiembre de cada a\u00f1o. Se trata as\u00ed, al fin y al cabo, de celebrar la diversidad ling\u00fc\u00edstica y cultural en Europa.<\/p>\n<p style=\"text-align: justify\"><strong>\u00bfPor qu\u00e9 un d\u00eda Europeo de las Lenguas?<\/strong><\/p>\n<p style=\"text-align: justify\"><strong><span style=\"color: #000000\"><!--more--><\/span><\/strong><\/p>\n<p style=\"text-align: justify\">Debido a la globalizaci\u00f3n y a las estructuras de las grandes empresas internacionales, los conocimientos de lengua extranjera se han vuelto necesarios para realizar un trabajo eficaz en el propio pa\u00eds de origen. Saber ingl\u00e9s ya no es suficiente.<\/p>\n<p style=\"text-align: justify\">Europa es rica en lenguas: existen m\u00e1s de 200 lenguas europeas y muchas m\u00e1s habladas por ciudadanos cuya familia proviene de otros continentes. Este es un importante recurso que debe ser reconocido, utilizado y valorado.<\/p>\n<p style=\"text-align: justify\"><strong>Celebraci\u00f3n en los centros educativos<\/strong><\/p>\n<p style=\"text-align: justify\">Desde el Equipo del Plan de Fomento del Pluriling\u00fcismo de la Delegaci\u00f3n Territorial de Eduaci\u00f3n, Cultura y Deporte de M\u00e1laga os invitamos a celebrar este d\u00eda en vuestros centros educativos con el objetivo de incrementar el conocimiento y la conciencia del valor de las lenguas como una forma de uni\u00f3n entre culturas y motivar su aprendizaje continuo a lo largo de toda la vida. El \u201cD\u00eda Europeo de las Lenguas\u201d ofrece m\u00faltiples posibilidades tanto para profesorado de lenguas como de otras materias: la oportunidad de aprender m\u00e1s sobre otras culturas, tradiciones y lenguas.<\/p>\n<p style=\"text-align: justify\"><a href=\"http:\/\/edl.ecml.at\/\">Pinche aqu\u00ed <\/a>para\u00a0consultar m\u00e1s informaci\u00f3n sobre esta celebraci\u00f3n en la p\u00e1gina web del CELM (Centro Europeo de Lenguas Modernas)<\/p>\n<p style=\"text-align: justify\"><strong>Comparte tu experiencia<\/strong><\/p>\n<p style=\"text-align: justify\">Como la intenci\u00f3n de enriquecernos y compartir experiencias, pod\u00e9is enviar vuestras sugerencias de celebraci\u00f3n y de actividades llevadas a cabo en vuestros centros a la siguiente direcci\u00f3n:<\/p>\n<p style=\"text-align: justify\"><a href=\"mailto:plurilinguismo.dpma.ced@juntadeandalucia.es\">plurilinguismo.dpma.ced@juntadeandalucia.es<\/a><\/p>\n<p style=\"text-align: justify\"><em>&#8220;Aprender otras lenguas es una manera de llegar a comprendernos y de superar nuestras diferencias culturales.&#8221;<\/em><\/p>\n","protected":false},"excerpt":{"rendered":"<p>Por iniciativa del Consejo de Europa en Estrasburgo, el D\u00eda Europeo de las Lenguas se viene celebrando, desde 2001, el 26 de septiembre de cada a\u00f1o. Se trata as\u00ed, al fin y al cabo,&#46;&#46;&#46;<\/p>\n","protected":false},"author":1124,"featured_media":0,"comment_status":"open","ping_status":"open","sticky":false,"template":"","format":"standard","meta":{"ngg_post_thumbnail":0,"footnotes":""},"categories":[70],"tags":[],"aioseo_notices":[],"_links":{"self":[{"href":"https:\/\/blogsaverroes.juntadeandalucia.es\/plurilinguismodelegacionmalaga\/wp-json\/wp\/v2\/posts\/1947"}],"collection":[{"href":"https:\/\/blogsaverroes.juntadeandalucia.es\/plurilinguismodelegacionmalaga\/wp-json\/wp\/v2\/posts"}],"about":[{"href":"https:\/\/blogsaverroes.juntadeandalucia.es\/plurilinguismodelegacionmalaga\/wp-json\/wp\/v2\/types\/post"}],"author":[{"embeddable":true,"href":"https:\/\/blogsaverroes.juntadeandalucia.es\/plurilinguismodelegacionmalaga\/wp-json\/wp\/v2\/users\/1124"}],"replies":[{"embeddable":true,"href":"https:\/\/blogsaverroes.juntadeandalucia.es\/plurilinguismodelegacionmalaga\/wp-json\/wp\/v2\/comments?post=1947"}],"version-history":[{"count":0,"href":"https:\/\/blogsaverroes.juntadeandalucia.es\/plurilinguismodelegacionmalaga\/wp-json\/wp\/v2\/posts\/1947\/revisions"}],"wp:attachment":[{"href":"https:\/\/blogsaverroes.juntadeandalucia.es\/plurilinguismodelegacionmalaga\/wp-json\/wp\/v2\/media?parent=1947"}],"wp:term":[{"taxonomy":"category","embeddable":true,"href":"https:\/\/blogsaverroes.juntadeandalucia.es\/plurilinguismodelegacionmalaga\/wp-json\/wp\/v2\/categories?post=1947"},{"taxonomy":"post_tag","embeddable":true,"href":"https:\/\/blogsaverroes.juntadeandalucia.es\/plurilinguismodelegacionmalaga\/wp-json\/wp\/v2\/tags?post=1947"}],"curies":[{"name":"wp","href":"https:\/\/api.w.org\/{rel}","templated":true}]}}