{"id":2328,"date":"2013-01-08T12:44:45","date_gmt":"2013-01-08T11:44:45","guid":{"rendered":"http:\/\/www.educacionenmalaga.es\/bilinguismo\/?p=2328"},"modified":"2013-01-08T12:44:45","modified_gmt":"2013-01-08T11:44:45","slug":"abroad-musical-bilingue-ies-la-rosaleda-y-crearte","status":"publish","type":"post","link":"https:\/\/blogsaverroes.juntadeandalucia.es\/plurilinguismodelegacionmalaga\/2013\/01\/08\/abroad-musical-bilingue-ies-la-rosaleda-y-crearte\/","title":{"rendered":"ABROAD, musical biling\u00fce del IES La Rosaleda y CREARTE"},"content":{"rendered":"<p><object width=\"550\" height=\"550\" classid=\"d27cdb6e-ae6d-11cf-96b8-444553540000\" codebase=\"http:\/\/download.macromedia.com\/pub\/shockwave\/cabs\/flash\/swflash.cab#version=6,0,40,0\"><param name=\"src\" value=\"https:\/\/picasaweb.google.com\/s\/c\/bin\/slideshow.swf\" \/><param name=\"flashvars\" value=\"host=picasaweb.google.com&amp;hl=es&amp;feat=flashalbum&amp;RGB=0x000000&amp;feed=https%3A%2F%2Fpicasaweb.google.com%2Fdata%2Ffeed%2Fapi%2Fuser%2F102314276190578118523%2Falbumid%2F5825190848835280433%3Falt%3Drss%26kind%3Dphoto%26hl%3Des\" \/><param name=\"pluginspage\" value=\"http:\/\/www.macromedia.com\/go\/getflashplayer\" \/><embed width=\"600\" height=\"580\" type=\"application\/x-shockwave-flash\" src=\"https:\/\/picasaweb.google.com\/s\/c\/bin\/slideshow.swf\" flashvars=\"host=picasaweb.google.com&amp;hl=es&amp;feat=flashalbum&amp;RGB=0x000000&amp;feed=https%3A%2F%2Fpicasaweb.google.com%2Fdata%2Ffeed%2Fapi%2Fuser%2F102314276190578118523%2Falbumid%2F5825190848835280433%3Falt%3Drss%26kind%3Dphoto%26hl%3Des\" pluginspage=\"http:\/\/www.macromedia.com\/go\/getflashplayer\" \/><\/object><\/p>\n<p style=\"text-align: justify\"><span style=\"font-family: Arial, sans-serif\"><span style=\"color: #000000\">El grupo de teatro del <strong>IES La Rosaleda de M\u00e1laga<\/strong> est\u00e1 llevando a cabo un musical biling\u00fce con la intenci\u00f3n de presentar <\/span><span style=\"color: #000000\">un nuevo y ambicioso proyecto denominado <strong>\u201cABROAD\u201d<\/strong> que a\u00fana cultura emprendedora, biling\u00fcismo y creatividad. Ya durante el curso 2011\/2012, el grupo teatral desarroll\u00f3 un musical llamado \u201cLa Huella Sonora del Sur\u201d que fue representada en veinte ocasiones y presenciada por m\u00e1s de 2000 escolares de la provincia de M\u00e1laga. Este proyecto obtuvo el premio Joaqu\u00edn Guichot de la Consejer\u00eda de Educaci\u00f3n y varios galardones en el Certamen de Teatro Escolar del Teatro Alameda de M\u00e1laga.<\/span><\/span><\/p>\n<p style=\"text-align: justify\"><span style=\"font-family: Arial, sans-serif\"><span style=\"color: #000000\"><a href=\"http:\/\/www.educacionenmalaga.es\/bilinguismo\/2013\/01\/08\/abroad-musical-bilingue-ies-la-rosaleda-y-crearte\/musical-rosaleda\/\" rel=\"attachment wp-att-2331\"><img loading=\"lazy\" decoding=\"async\" class=\"alignleft size-medium wp-image-2331\" title=\"musical Rosaleda\" alt=\"\" src=\"http:\/\/www.educacionenmalaga.es\/bilinguismo\/files\/2012\/11\/musical-Rosaleda-300x221.jpg\" width=\"300\" height=\"221\" srcset=\"https:\/\/blogsaverroes.juntadeandalucia.es\/plurilinguismodelegacionmalaga\/files\/2012\/11\/musical-Rosaleda-300x221.jpg 300w, https:\/\/blogsaverroes.juntadeandalucia.es\/plurilinguismodelegacionmalaga\/files\/2012\/11\/musical-Rosaleda-768x566.jpg 768w, https:\/\/blogsaverroes.juntadeandalucia.es\/plurilinguismodelegacionmalaga\/files\/2012\/11\/musical-Rosaleda-1024x755.jpg 1024w, https:\/\/blogsaverroes.juntadeandalucia.es\/plurilinguismodelegacionmalaga\/files\/2012\/11\/musical-Rosaleda-24x18.jpg 24w, https:\/\/blogsaverroes.juntadeandalucia.es\/plurilinguismodelegacionmalaga\/files\/2012\/11\/musical-Rosaleda-36x27.jpg 36w, https:\/\/blogsaverroes.juntadeandalucia.es\/plurilinguismodelegacionmalaga\/files\/2012\/11\/musical-Rosaleda-48x35.jpg 48w, https:\/\/blogsaverroes.juntadeandalucia.es\/plurilinguismodelegacionmalaga\/files\/2012\/11\/musical-Rosaleda.jpg 1600w\" sizes=\"(max-width: 300px) 100vw, 300px\" \/><\/a><\/span><\/span><\/p>\n<p style=\"text-align: justify\"><span style=\"font-family: Arial, sans-serif\"><span style=\"font-size: medium\"><span style=\"color: #000000\">En esta ocasi\u00f3n han vuelto a sorprendernos con &#8220;ABROAD&#8221;y anuncian pisar fuerte con un gui\u00f3n\u00a0que invita a la reflexi\u00f3n y\u00a0una escenificaci\u00f3n que sit\u00faa al p\u00fablico en la piel de los personajes.<\/span><\/span><\/span><\/p>\n<p style=\"text-align: justify\"><span style=\"font-family: Arial, sans-serif\"><span style=\"font-size: medium\"><span style=\"color: #000000\"><!--more--><\/span><\/span><\/span><\/p>\n<p style=\"text-align: justify\"><span style=\"font-family: Arial, sans-serif\"><span style=\"font-size: medium\"><span style=\"color: #000000\">\u00a0Se trata de un recorrido emocional<\/span><span style=\"color: #000000\">por las dificultades, los sue\u00f1os y las contradicciones <\/span><span style=\"color: #000000\">la vida de tres j\u00f3venes espa\u00f1oles <\/span><span style=\"color: #000000\">que deciden emigrar a Reino Unido y <\/span><span style=\"color: #000000\">aterrizan en la ciudad de Liverpool donde se enfrentan al dif\u00edcil reto de aprender el idioma, encontrar trabajo <\/span><span style=\"color: #000000\">y la necesidad de superar el desarraigo sin perder su identidad cultural. Un periplo donde las ilusiones entran en conflicto con los valores y donde la confianza en uno mismo se erige en el \u00fanico aliado para aprender a vivir. H<\/span><span style=\"color: #000000\">istorias de abuelos que emigraron y estudiantes obligados a viajar buscando un futuro estable son algunas de los temas que se representan. Abroad es u<\/span><span style=\"color: #000000\">n espect\u00e1culo did\u00e1ctico y pedag\u00f3gico destinado a alumnado de 3\u00ba ciclo de Primaria, Secundaria, Bachillerato y Formaci\u00f3n Profesional. <\/span><\/span><\/span><\/p>\n<p style=\"text-align: justify\"><span style=\"font-family: Arial, sans-serif\"><span style=\"color: #000000\"><a href=\"https:\/\/blogsaverroes.juntadeandalucia.es\/plurilinguismodelegacionmalaga\/files\/2012\/11\/todos.jpg\"><img loading=\"lazy\" decoding=\"async\" class=\"alignleft size-medium wp-image-2353\" alt=\"\" src=\"http:\/\/www.educacionenmalaga.es\/bilinguismo\/files\/2012\/11\/todos-300x218.jpg\" width=\"300\" height=\"218\" \/><\/a>&#8220;Abroad&#8221; ya ha sido presenciada por diversos centros escolares malague\u00f1os. Tambi\u00e9n han asistido representantes del Servicio de Ordenaci\u00f3n Educativa de la Delegaci\u00f3n Territorial de Educaci\u00f3n, Cultura y Deporte de M\u00e1laga: Gabinete de Asesoramiento sobre Convivencia Escolar e Igualdad, Secci\u00f3n de Pluriling\u00fcismo, Interculturalidad y Asesor\u00eda de Actividades Estudiantiles.<\/span><\/span><\/p>\n<p lang=\"zxx\" align=\"justify\"><span style=\"font-family: Arial, sans-serif\"><span style=\"color: #000000\">Sin duda, sus protagonitas Jose Manuel Mu\u00f1oz, Alba Triguero, Celia Urbano, Fran Camacho, Fanny Bernal, Fran Portillo, Patricia Rodr\u00edguez y Catriel Ivan merecen un reconocimiento por su excelente capacidad interpretativa. Pero como toda puesta en escena, no hay espect\u00e1culo sin un gran equipo\u00a0que le de vida. As\u00ed, destacamos a\u00a0personas como\u00a0\u00a0Jose David Triguero (proyecto pedag\u00f3gico y cuaderno did\u00e1ctico), Colectivo CREARTE (gui\u00f3n y m\u00fasica original), \u00a0Miguel Angel Latorre\u00a0(piano), Eduardo Cabello (saxo), Jose Caballero (bajo), Carlos Mart\u00ednez (iuminaci\u00f3n y sonido), Montse Carnero (regidora), Gloria Fresno (gesti\u00f3n administrativa), Francisco Camacho (escenograf\u00eda), Miguel Cardona (construcci\u00f3n soporte\u00a0decorados), Dpto. de Ingl\u00e9s del IES La Rosaleda (asesoramiento ling\u00fc\u00edsico), DNI-School (asesoramiento de imagen) y\u00a0David Beltr\u00e1n (asistente de iluminaci\u00f3n).<\/span><\/span><\/p>\n<p lang=\"zxx\" align=\"justify\"><span style=\"color: #000000\"><span style=\"font-family: Arial, sans-serif\"><span style=\"font-size: medium\"><strong>El calendario de las pr\u00f3ximas funciones\u00a0es el\u00a0siguiente: <\/strong><\/span><\/span><\/span><\/p>\n<p lang=\"zxx\" align=\"justify\"><span style=\"color: #000000\"><span style=\"font-family: Arial, sans-serif\"><span style=\"font-size: medium\"><strong>Enero:\u00a0<\/strong>viernes<\/span><\/span><\/span><span style=\"color: #000000\"><span style=\"font-family: Arial, sans-serif\"><span style=\"font-size: medium\">\u00a018 (11.30 h.),\u00a0viernes 25 <\/span><\/span><\/span><span style=\"color: #000000\"><span style=\"font-family: Arial, sans-serif\"><span style=\"font-size: medium\">(20.30 h.), <\/span><\/span><\/span><span style=\"color: #000000\"><span style=\"font-family: Arial, sans-serif\"><span style=\"font-size: medium\"><strong>febrero:\u00a0<\/strong>mi\u00e9rcoles<\/span><\/span><\/span><span style=\"color: #000000\"><span style=\"font-family: Arial, sans-serif\"><span style=\"font-size: medium\">\u00a013 (11.30 h.), viernes<\/span><\/span><\/span><span style=\"color: #000000\"><span style=\"font-family: Arial, sans-serif\"><span style=\"font-size: medium\">\u00a022 (11.30 h.), <\/span><\/span><\/span><span style=\"color: #000000\"><span style=\"font-family: Arial, sans-serif\"><span style=\"font-size: medium\"><strong>marzo: <\/strong>lunes<\/span><\/span><\/span><span style=\"color: #000000\"><span style=\"font-family: Arial, sans-serif\"><span style=\"font-size: medium\">\u00a011 (11.30 h.), jueves<\/span><\/span><\/span><span style=\"color: #000000\"><span style=\"font-family: Arial, sans-serif\"><span style=\"font-size: medium\">\u00a021 (11.30 h.).<\/span><\/span><\/span><\/p>\n<p lang=\"zxx\" style=\"text-align: justify\"><span style=\"font-family: Arial, sans-serif\">Pueden descargarse el\u00a0 <a href=\"https:\/\/blogsaverroes.juntadeandalucia.es\/plurilinguismodelegacionmalaga\/files\/2012\/11\/CUADERNO-DID\u00c1CTICO-MUSICAL-ABROAD.pdf\">CUADERNO DID\u00c1CTICO MUSICAL ABROAD<\/a>\u00a0 para el trabajo previo y posterior a la obra.<\/span><\/p>\n<p lang=\"zxx\" style=\"text-align: justify\"><span style=\"font-family: Arial, sans-serif\">Para m\u00e1s informaci\u00f3n y reserva de plazas consultar aqu\u00ed: <\/span><span style=\"font-family: Arial, sans-serif\"><a href=\"mailto:teatrosaleda@gmail.com\">teatrosaleda@gmail.com<\/a><\/span><\/p>\n<p lang=\"zxx\"><span style=\"font-family: Arial, sans-serif\">Tlf.: 665847954 <\/span><\/p>\n<p lang=\"zxx\"><span style=\"font-family: Arial, sans-serif\">Colaboraci\u00f3n: 5\u20ac por alumno\/a.<\/span><\/p>\n","protected":false},"excerpt":{"rendered":"<p>El grupo de teatro del IES La Rosaleda de M\u00e1laga est\u00e1 llevando a cabo un musical biling\u00fce con la intenci\u00f3n de presentar un nuevo y ambicioso proyecto denominado \u201cABROAD\u201d que a\u00fana cultura emprendedora, biling\u00fcismo&#46;&#46;&#46;<\/p>\n","protected":false},"author":1124,"featured_media":0,"comment_status":"open","ping_status":"open","sticky":false,"template":"","format":"standard","meta":{"ngg_post_thumbnail":0,"footnotes":""},"categories":[946,70],"tags":[],"aioseo_notices":[],"_links":{"self":[{"href":"https:\/\/blogsaverroes.juntadeandalucia.es\/plurilinguismodelegacionmalaga\/wp-json\/wp\/v2\/posts\/2328"}],"collection":[{"href":"https:\/\/blogsaverroes.juntadeandalucia.es\/plurilinguismodelegacionmalaga\/wp-json\/wp\/v2\/posts"}],"about":[{"href":"https:\/\/blogsaverroes.juntadeandalucia.es\/plurilinguismodelegacionmalaga\/wp-json\/wp\/v2\/types\/post"}],"author":[{"embeddable":true,"href":"https:\/\/blogsaverroes.juntadeandalucia.es\/plurilinguismodelegacionmalaga\/wp-json\/wp\/v2\/users\/1124"}],"replies":[{"embeddable":true,"href":"https:\/\/blogsaverroes.juntadeandalucia.es\/plurilinguismodelegacionmalaga\/wp-json\/wp\/v2\/comments?post=2328"}],"version-history":[{"count":0,"href":"https:\/\/blogsaverroes.juntadeandalucia.es\/plurilinguismodelegacionmalaga\/wp-json\/wp\/v2\/posts\/2328\/revisions"}],"wp:attachment":[{"href":"https:\/\/blogsaverroes.juntadeandalucia.es\/plurilinguismodelegacionmalaga\/wp-json\/wp\/v2\/media?parent=2328"}],"wp:term":[{"taxonomy":"category","embeddable":true,"href":"https:\/\/blogsaverroes.juntadeandalucia.es\/plurilinguismodelegacionmalaga\/wp-json\/wp\/v2\/categories?post=2328"},{"taxonomy":"post_tag","embeddable":true,"href":"https:\/\/blogsaverroes.juntadeandalucia.es\/plurilinguismodelegacionmalaga\/wp-json\/wp\/v2\/tags?post=2328"}],"curies":[{"name":"wp","href":"https:\/\/api.w.org\/{rel}","templated":true}]}}