{"id":2392,"date":"2012-12-03T14:32:22","date_gmt":"2012-12-03T13:32:22","guid":{"rendered":"http:\/\/www.educacionenmalaga.es\/bilinguismo\/?p=2392"},"modified":"2012-12-03T14:32:22","modified_gmt":"2012-12-03T13:32:22","slug":"ayudas-comenius-para-la-formacion-continua-del-personal-educativo-1o-tramo","status":"publish","type":"post","link":"https:\/\/blogsaverroes.juntadeandalucia.es\/plurilinguismodelegacionmalaga\/2012\/12\/03\/ayudas-comenius-para-la-formacion-continua-del-personal-educativo-1o-tramo\/","title":{"rendered":"Ayudas Comenius para la formaci\u00f3n continua del personal educativo (1\u00ba tramo)"},"content":{"rendered":"<p style=\"text-align: justify\"><strong><a href=\"https:\/\/blogsaverroes.juntadeandalucia.es\/plurilinguismodelegacionmalaga\/files\/2012\/12\/comenius_logo1.gif\"><img loading=\"lazy\" decoding=\"async\" class=\"alignright size-thumbnail wp-image-2393\" src=\"http:\/\/www.educacionenmalaga.es\/bilinguismo\/files\/2012\/12\/comenius_logo1-150x150.gif\" alt=\"\" width=\"150\" height=\"150\" srcset=\"https:\/\/blogsaverroes.juntadeandalucia.es\/plurilinguismodelegacionmalaga\/files\/2012\/12\/comenius_logo1-150x150.gif 150w, https:\/\/blogsaverroes.juntadeandalucia.es\/plurilinguismodelegacionmalaga\/files\/2012\/12\/comenius_logo1-100x100.gif 100w, https:\/\/blogsaverroes.juntadeandalucia.es\/plurilinguismodelegacionmalaga\/files\/2012\/12\/comenius_logo1-160x160.gif 160w, https:\/\/blogsaverroes.juntadeandalucia.es\/plurilinguismodelegacionmalaga\/files\/2012\/12\/comenius_logo1-320x320.gif 320w, https:\/\/blogsaverroes.juntadeandalucia.es\/plurilinguismodelegacionmalaga\/files\/2012\/12\/comenius_logo1-24x24.gif 24w, https:\/\/blogsaverroes.juntadeandalucia.es\/plurilinguismodelegacionmalaga\/files\/2012\/12\/comenius_logo1-36x36.gif 36w, https:\/\/blogsaverroes.juntadeandalucia.es\/plurilinguismodelegacionmalaga\/files\/2012\/12\/comenius_logo1-48x48.gif 48w\" sizes=\"(max-width: 150px) 100vw, 150px\" \/><\/a><\/strong>El Organismo Aut\u00f3nomo de Programas Educativos Europeos (OAPEE), la Agencia Nacional espa\u00f1ola, ha publicado Convocatoria de Ayudas Comenius para la formaci\u00f3n continua del personal educativo dentro del Programa de Aprendizaje Permanente. Cursos que se realicen entre 1 de mayo y el 31 de agosto de 2013 (tramo 1\u00ba).<\/p>\n<p style=\"text-align: justify\" align=\"left\"><!--more--><\/p>\n<p style=\"text-align: justify\" align=\"left\">El objetivo de esta acci\u00f3n es <strong>ayudar<\/strong> <strong>a mejorar la calidad de la educaci\u00f3n escolar<\/strong> permitiendo al personal educativo realizar actividades de formaci\u00f3n de hasta seis semanas en un pa\u00eds distinto de donde habitualmente trabaja. De esta manera, se anima a los participantes a mejorar sus competencias did\u00e1cticas de car\u00e1cter pr\u00e1ctico, sus conocimientos y a entender de manera m\u00e1s amplia la educaci\u00f3n escolar en Europa.<\/p>\n<p style=\"text-align: justify\">En todos los casos, la formaci\u00f3n debe realizarse en otro pa\u00eds europeo y puede adoptar la forma de:<\/p>\n<p style=\"text-align: justify\">&#8211; <span style=\"text-decoration: underline\">Curso estructurado\u00a0<\/span> con un s\u00f3lido enfoque europeo en t\u00e9rminos de contenidos cuya duraci\u00f3n normalmente es, al menos, de 5 jornadas laborales completas.<\/p>\n<p style=\"text-align: justify\">&#8211; Formaci\u00f3n de car\u00e1cter informal, como <span style=\"text-decoration: underline\">una estancia o un periodo de observaci\u00f3n en un centro educativo o en una organizaci\u00f3n<\/span> dedicada a la educaci\u00f3n escolar (por ejemplo, ONG, autoridad p\u00fablica).<\/p>\n<p>&#8211; Participaci\u00f3n en una <span style=\"text-decoration: underline\">conferencia o seminario europeo.<\/span><\/p>\n<p>El <strong>plazo<\/strong> establecido para el env\u00edo de solicitudes es <strong>hasta el 16 de enero de 2012.<\/strong><\/p>\n<p style=\"text-align: justify\">Puede consultar la resoluci\u00f3n de la Convocatoria publicada en la p\u00e1gina de la <a href=\"http:\/\/www.juntadeandalucia.es\/educacion\/nav\/contenido.jsp?pag=\/Contenidos\/IEFP\/ProgramasInternacionales\/ProgramasEuropeos\/20121127_conv_comenius2013_T1&amp;vismenu=0,0,1,1,1,1,0,0,0\">Consejer\u00eda de Educaci\u00f3n<\/a>.<\/p>\n<p style=\"text-align: justify\">Para m\u00e1s informaci\u00f3n sobre Programas Educativos Europeos <a href=\"http:\/\/www.oapee.es\/oapee\/inicio.html\">pinchar aqu\u00ed. <\/a><\/p>\n","protected":false},"excerpt":{"rendered":"<p>El Organismo Aut\u00f3nomo de Programas Educativos Europeos (OAPEE), la Agencia Nacional espa\u00f1ola, ha publicado Convocatoria de Ayudas Comenius para la formaci\u00f3n continua del personal educativo dentro del Programa de Aprendizaje Permanente. Cursos que se&#46;&#46;&#46;<\/p>\n","protected":false},"author":1124,"featured_media":0,"comment_status":"open","ping_status":"open","sticky":false,"template":"","format":"standard","meta":{"ngg_post_thumbnail":0,"footnotes":""},"categories":[2134355],"tags":[],"aioseo_notices":[],"_links":{"self":[{"href":"https:\/\/blogsaverroes.juntadeandalucia.es\/plurilinguismodelegacionmalaga\/wp-json\/wp\/v2\/posts\/2392"}],"collection":[{"href":"https:\/\/blogsaverroes.juntadeandalucia.es\/plurilinguismodelegacionmalaga\/wp-json\/wp\/v2\/posts"}],"about":[{"href":"https:\/\/blogsaverroes.juntadeandalucia.es\/plurilinguismodelegacionmalaga\/wp-json\/wp\/v2\/types\/post"}],"author":[{"embeddable":true,"href":"https:\/\/blogsaverroes.juntadeandalucia.es\/plurilinguismodelegacionmalaga\/wp-json\/wp\/v2\/users\/1124"}],"replies":[{"embeddable":true,"href":"https:\/\/blogsaverroes.juntadeandalucia.es\/plurilinguismodelegacionmalaga\/wp-json\/wp\/v2\/comments?post=2392"}],"version-history":[{"count":0,"href":"https:\/\/blogsaverroes.juntadeandalucia.es\/plurilinguismodelegacionmalaga\/wp-json\/wp\/v2\/posts\/2392\/revisions"}],"wp:attachment":[{"href":"https:\/\/blogsaverroes.juntadeandalucia.es\/plurilinguismodelegacionmalaga\/wp-json\/wp\/v2\/media?parent=2392"}],"wp:term":[{"taxonomy":"category","embeddable":true,"href":"https:\/\/blogsaverroes.juntadeandalucia.es\/plurilinguismodelegacionmalaga\/wp-json\/wp\/v2\/categories?post=2392"},{"taxonomy":"post_tag","embeddable":true,"href":"https:\/\/blogsaverroes.juntadeandalucia.es\/plurilinguismodelegacionmalaga\/wp-json\/wp\/v2\/tags?post=2392"}],"curies":[{"name":"wp","href":"https:\/\/api.w.org\/{rel}","templated":true}]}}