{"id":2929,"date":"2013-02-04T09:35:48","date_gmt":"2013-02-04T08:35:48","guid":{"rendered":"http:\/\/www.educacionenmalaga.es\/bilinguismo\/?p=2929"},"modified":"2013-02-04T09:35:48","modified_gmt":"2013-02-04T08:35:48","slug":"celebrating-the-school-day-of-non-violence-and-peace-fol-bilingue-ies-la-rosaleda","status":"publish","type":"post","link":"https:\/\/blogsaverroes.juntadeandalucia.es\/plurilinguismodelegacionmalaga\/2013\/02\/04\/celebrating-the-school-day-of-non-violence-and-peace-fol-bilingue-ies-la-rosaleda\/","title":{"rendered":"Celebrating the school day of non-violence and peace: FOL Biling\u00fce IES La Rosaleda"},"content":{"rendered":"<p style=\"text-align: justify\"><a href=\"https:\/\/blogsaverroes.juntadeandalucia.es\/plurilinguismodelegacionmalaga\/files\/2013\/02\/paz.jpg\"><img loading=\"lazy\" decoding=\"async\" class=\"alignleft size-medium wp-image-2964\" alt=\"paz\" src=\"http:\/\/www.educacionenmalaga.es\/bilinguismo\/files\/2013\/02\/paz-295x300.jpg\" width=\"234\" height=\"236\" srcset=\"https:\/\/blogsaverroes.juntadeandalucia.es\/plurilinguismodelegacionmalaga\/files\/2013\/02\/paz-150x150.jpg 150w, https:\/\/blogsaverroes.juntadeandalucia.es\/plurilinguismodelegacionmalaga\/files\/2013\/02\/paz-100x100.jpg 100w, https:\/\/blogsaverroes.juntadeandalucia.es\/plurilinguismodelegacionmalaga\/files\/2013\/02\/paz-160x160.jpg 160w, https:\/\/blogsaverroes.juntadeandalucia.es\/plurilinguismodelegacionmalaga\/files\/2013\/02\/paz-24x24.jpg 24w, https:\/\/blogsaverroes.juntadeandalucia.es\/plurilinguismodelegacionmalaga\/files\/2013\/02\/paz-36x36.jpg 36w, https:\/\/blogsaverroes.juntadeandalucia.es\/plurilinguismodelegacionmalaga\/files\/2013\/02\/paz-48x48.jpg 48w\" sizes=\"(max-width: 234px) 100vw, 234px\" \/><\/a>La profesora de F.O.L. Ingl\u00e9s, Mar\u00eda Isabel P\u00e9rez Ortega del IES La Rosaleda, est\u00e1 llevando a cabo una iniciativa con grupos biling\u00fces y\u00a0 no biling\u00fces, realizando actividades en ingl\u00e9s para celebrar\u00a0 importantes efem\u00e9rides educativas.<\/p>\n<p style=\"text-align: justify\">Con motivo de la celebraci\u00f3n del &#8220;D\u00eda Escolar de la No Violencia y la Paz&#8221;, el 30 de marzo gui\u00f3 a varios grupos a realizar un libro digital cuyo objetivo principal era investigar sobre el tema y aplicar el uso de las T.I.C. sintetiz\u00e1ndolo con breves mensajes en ingl\u00e9s.<\/p>\n<p style=\"text-align: justify\">El alumnado participante pertenec\u00eda a los siguientes grupos:<\/p>\n<p style=\"text-align: justify\">&#8211; 1\u00ba curso del ciclo biling\u00fce: Servicios\u00a0en Restauraci\u00f3n (grado medio).<\/p>\n<p style=\"text-align: justify\">&#8211; 2\u00ba curso del ciclo biling\u00fce: Servicios\u00a0en Restauraci\u00f3n.<\/p>\n<p style=\"text-align: justify\">&#8211; 2\u00ba curso de grado superior: T\u00e9cnico en Topograf\u00eda y Urbanismo (grado superior).<\/p>\n<p style=\"text-align: justify\">&#8211; 2\u00ba curso del ciclo. Acabados en Construcci\u00f3n y Alba\u00f1iler\u00eda (grado medio).<\/p>\n<p style=\"text-align: justify\">A continuaci\u00f3n se muestra el resultado del libro digital:<\/p>\n<div data-configid=\"0\/1336408\" style=\"width: 525px;height: 371px\" class=\"issuuembed\"><\/div>\n","protected":false},"excerpt":{"rendered":"<p>La profesora de F.O.L. Ingl\u00e9s, Mar\u00eda Isabel P\u00e9rez Ortega del IES La Rosaleda, est\u00e1 llevando a cabo una iniciativa con grupos biling\u00fces y\u00a0 no biling\u00fces, realizando actividades en ingl\u00e9s para celebrar\u00a0 importantes efem\u00e9rides educativas.&#46;&#46;&#46;<\/p>\n","protected":false},"author":1124,"featured_media":0,"comment_status":"open","ping_status":"open","sticky":false,"template":"","format":"standard","meta":{"ngg_post_thumbnail":0,"footnotes":""},"categories":[946,2284639],"tags":[],"aioseo_notices":[],"_links":{"self":[{"href":"https:\/\/blogsaverroes.juntadeandalucia.es\/plurilinguismodelegacionmalaga\/wp-json\/wp\/v2\/posts\/2929"}],"collection":[{"href":"https:\/\/blogsaverroes.juntadeandalucia.es\/plurilinguismodelegacionmalaga\/wp-json\/wp\/v2\/posts"}],"about":[{"href":"https:\/\/blogsaverroes.juntadeandalucia.es\/plurilinguismodelegacionmalaga\/wp-json\/wp\/v2\/types\/post"}],"author":[{"embeddable":true,"href":"https:\/\/blogsaverroes.juntadeandalucia.es\/plurilinguismodelegacionmalaga\/wp-json\/wp\/v2\/users\/1124"}],"replies":[{"embeddable":true,"href":"https:\/\/blogsaverroes.juntadeandalucia.es\/plurilinguismodelegacionmalaga\/wp-json\/wp\/v2\/comments?post=2929"}],"version-history":[{"count":0,"href":"https:\/\/blogsaverroes.juntadeandalucia.es\/plurilinguismodelegacionmalaga\/wp-json\/wp\/v2\/posts\/2929\/revisions"}],"wp:attachment":[{"href":"https:\/\/blogsaverroes.juntadeandalucia.es\/plurilinguismodelegacionmalaga\/wp-json\/wp\/v2\/media?parent=2929"}],"wp:term":[{"taxonomy":"category","embeddable":true,"href":"https:\/\/blogsaverroes.juntadeandalucia.es\/plurilinguismodelegacionmalaga\/wp-json\/wp\/v2\/categories?post=2929"},{"taxonomy":"post_tag","embeddable":true,"href":"https:\/\/blogsaverroes.juntadeandalucia.es\/plurilinguismodelegacionmalaga\/wp-json\/wp\/v2\/tags?post=2929"}],"curies":[{"name":"wp","href":"https:\/\/api.w.org\/{rel}","templated":true}]}}