{"id":3055,"date":"2013-02-12T07:30:57","date_gmt":"2013-02-12T06:30:57","guid":{"rendered":"http:\/\/www.educacionenmalaga.es\/bilinguismo\/?p=3055"},"modified":"2013-02-12T07:30:57","modified_gmt":"2013-02-12T06:30:57","slug":"cursos-de-verano-en-espana-2013-para-profesorado-y-profesionales-de-la-educacion-de-norteamerica-y-canada","status":"publish","type":"post","link":"https:\/\/blogsaverroes.juntadeandalucia.es\/plurilinguismodelegacionmalaga\/2013\/02\/12\/cursos-de-verano-en-espana-2013-para-profesorado-y-profesionales-de-la-educacion-de-norteamerica-y-canada\/","title":{"rendered":"Cursos de verano en Espa\u00f1a 2013 para profesorado y profesionales de la educaci\u00f3n de Norteam\u00e9rica y Canad\u00e1"},"content":{"rendered":"<p style=\"text-align: justify\"><a href=\"https:\/\/blogsaverroes.juntadeandalucia.es\/plurilinguismodelegacionmalaga\/files\/2013\/02\/untitled.png\"><img loading=\"lazy\" decoding=\"async\" class=\"alignleft size-full wp-image-3058\" alt=\"untitled\" src=\"https:\/\/blogsaverroes.juntadeandalucia.es\/plurilinguismodelegacionmalaga\/files\/2013\/02\/untitled.png\" width=\"260\" height=\"194\" srcset=\"https:\/\/blogsaverroes.juntadeandalucia.es\/plurilinguismodelegacionmalaga\/files\/2013\/02\/untitled.png 260w, https:\/\/blogsaverroes.juntadeandalucia.es\/plurilinguismodelegacionmalaga\/files\/2013\/02\/untitled-24x18.png 24w, https:\/\/blogsaverroes.juntadeandalucia.es\/plurilinguismodelegacionmalaga\/files\/2013\/02\/untitled-36x27.png 36w, https:\/\/blogsaverroes.juntadeandalucia.es\/plurilinguismodelegacionmalaga\/files\/2013\/02\/untitled-48x36.png 48w\" sizes=\"(max-width: 260px) 100vw, 260px\" \/><\/a>La Embajada de Espa\u00f1a en EEUU y el Ministerio de Educaci\u00f3n, Cultura y Deporte de Espa\u00f1a en colaboraci\u00f3n con varias universidades espa\u00f1olas, han publicado una oferta de cursos de verano dirigida a profesionales de la educaci\u00f3n norteamericanos y canadienses. La oferta formativa tendr\u00e1 lugar en julio de 2013 en prestigiosas universidades que har\u00e1n del conocimiento de nuestro pa\u00eds, nuestra lengua y nuesra\u00a0cultura una experiencia inolvidable para los asistentes.<!--more--><\/p>\n<p style=\"text-align: justify\">Los cursos est\u00e1n especialmente dise\u00f1ados para profesorado de espa\u00f1ol de niveles no universitarios y\u00a0 &#8220;Community Colleges&#8221; de EEUU y Canad\u00e1:<\/p>\n<p>&#8211; Profesores de espa\u00f1ol como lengua extranjera.<\/p>\n<p>&#8211; Profesores en programas biling\u00fces y\/o de inmersi\u00f3n.<\/p>\n<p>&#8211; Profesores de espa\u00f1ol para hispanohablantes.<\/p>\n<p>&#8211; Profesores de otras materias.<\/p>\n<p>&#8211; Profesionales de la ense\u00f1anza en general y administradores educativos.<\/p>\n<p>&#8211; Graduados y futuros graduados con inquietudes docentes.<\/p>\n<p style=\"text-align: justify\">Universidades promotoras: Alcal\u00e1, Alicante, Deusto, Granada, Le\u00f3n, M\u00e1laga, Salamanca y Santiago de Compostela. Fundaciones Comillas y Ortega-Mara\u00f1\u00f3n.<\/p>\n<p style=\"text-align: justify\">El plazo para el env\u00edo\u00a0de solicitudes\u00a0es hasta el\u00a028 de febrero de 2013.<\/p>\n<p style=\"text-align: justify\">Para m\u00e1s\u00a0informaci\u00f3n pinche <a href=\"http:\/\/www.mecd.gob.es\/eeuu\/convocatorias-programas\/convocatorias-eeuu\/cursos-verano.html\">aqu\u00ed.<\/a><\/p>\n","protected":false},"excerpt":{"rendered":"<p>La Embajada de Espa\u00f1a en EEUU y el Ministerio de Educaci\u00f3n, Cultura y Deporte de Espa\u00f1a en colaboraci\u00f3n con varias universidades espa\u00f1olas, han publicado una oferta de cursos de verano dirigida a profesionales de&#46;&#46;&#46;<\/p>\n","protected":false},"author":1124,"featured_media":0,"comment_status":"closed","ping_status":"closed","sticky":false,"template":"","format":"standard","meta":{"ngg_post_thumbnail":0,"footnotes":""},"categories":[2134014,2284639],"tags":[],"aioseo_notices":[],"_links":{"self":[{"href":"https:\/\/blogsaverroes.juntadeandalucia.es\/plurilinguismodelegacionmalaga\/wp-json\/wp\/v2\/posts\/3055"}],"collection":[{"href":"https:\/\/blogsaverroes.juntadeandalucia.es\/plurilinguismodelegacionmalaga\/wp-json\/wp\/v2\/posts"}],"about":[{"href":"https:\/\/blogsaverroes.juntadeandalucia.es\/plurilinguismodelegacionmalaga\/wp-json\/wp\/v2\/types\/post"}],"author":[{"embeddable":true,"href":"https:\/\/blogsaverroes.juntadeandalucia.es\/plurilinguismodelegacionmalaga\/wp-json\/wp\/v2\/users\/1124"}],"replies":[{"embeddable":true,"href":"https:\/\/blogsaverroes.juntadeandalucia.es\/plurilinguismodelegacionmalaga\/wp-json\/wp\/v2\/comments?post=3055"}],"version-history":[{"count":0,"href":"https:\/\/blogsaverroes.juntadeandalucia.es\/plurilinguismodelegacionmalaga\/wp-json\/wp\/v2\/posts\/3055\/revisions"}],"wp:attachment":[{"href":"https:\/\/blogsaverroes.juntadeandalucia.es\/plurilinguismodelegacionmalaga\/wp-json\/wp\/v2\/media?parent=3055"}],"wp:term":[{"taxonomy":"category","embeddable":true,"href":"https:\/\/blogsaverroes.juntadeandalucia.es\/plurilinguismodelegacionmalaga\/wp-json\/wp\/v2\/categories?post=3055"},{"taxonomy":"post_tag","embeddable":true,"href":"https:\/\/blogsaverroes.juntadeandalucia.es\/plurilinguismodelegacionmalaga\/wp-json\/wp\/v2\/tags?post=3055"}],"curies":[{"name":"wp","href":"https:\/\/api.w.org\/{rel}","templated":true}]}}