{"id":3096,"date":"2013-02-12T15:08:54","date_gmt":"2013-02-12T14:08:54","guid":{"rendered":"http:\/\/www.educacionenmalaga.es\/bilinguismo\/?p=3096"},"modified":"2013-02-12T15:08:54","modified_gmt":"2013-02-12T14:08:54","slug":"2a-edicion-de-la-guia-informativa-para-centros-de-ensenanza-bilingue","status":"publish","type":"post","link":"https:\/\/blogsaverroes.juntadeandalucia.es\/plurilinguismodelegacionmalaga\/2013\/02\/12\/2a-edicion-de-la-guia-informativa-para-centros-de-ensenanza-bilingue\/","title":{"rendered":"2\u00aa edici\u00f3n de la Gu\u00eda informativa para centros de ense\u00f1anza biling\u00fce"},"content":{"rendered":"<p style=\"text-align: justify\"><a href=\"https:\/\/blogsaverroes.juntadeandalucia.es\/plurilinguismodelegacionmalaga\/files\/2013\/02\/14568031-abra-el-libro-y-tomar-un-cafe-relajarse-concepto.jpg\"><img loading=\"lazy\" decoding=\"async\" class=\"alignleft size-medium wp-image-3097\" alt=\"14568031-abra-el-libro-y-tomar-un-cafe-relajarse-concepto\" src=\"http:\/\/www.educacionenmalaga.es\/bilinguismo\/files\/2013\/02\/14568031-abra-el-libro-y-tomar-un-cafe-relajarse-concepto-300x300.jpg\" width=\"186\" height=\"179\" srcset=\"https:\/\/blogsaverroes.juntadeandalucia.es\/plurilinguismodelegacionmalaga\/files\/2013\/02\/14568031-abra-el-libro-y-tomar-un-cafe-relajarse-concepto-24x24.jpg 24w, https:\/\/blogsaverroes.juntadeandalucia.es\/plurilinguismodelegacionmalaga\/files\/2013\/02\/14568031-abra-el-libro-y-tomar-un-cafe-relajarse-concepto-36x36.jpg 36w\" sizes=\"(max-width: 186px) 100vw, 186px\" \/><\/a>Conscientes de la necesidad de facilitar la labor del profesorado y los agentes implicados en el Programa de centros biling\u00fces p\u00fablicos y de titularidad privada, la Consejer\u00eda de Educaci\u00f3n publica la 2\u00aa edici\u00f3n de la <em>Gu\u00eda informativa para centros de ense\u00f1anza biling\u00fce. <\/em><\/p>\n<p style=\"text-align: justify\">Puede descargarla a trav\u00e9s de la <a title=\"Becas para estudiar en Reino Unido como profesor de espa\u00f1ol como lengua extranjera\" href=\"http:\/\/www.juntadeandalucia.es\/educacion\/nav\/contenido.jsp?pag=\/Contenidos\/IEFP\/ProgramasInternacionales\/ProgramasEducativos\/20130211_guia_bilingue&amp;vismenu=0,0,1,1,1,1,0,0,0\">web de la Consejer\u00eda.<\/a><\/p>\n","protected":false},"excerpt":{"rendered":"<p>Conscientes de la necesidad de facilitar la labor del profesorado y los agentes implicados en el Programa de centros biling\u00fces p\u00fablicos y de titularidad privada, la Consejer\u00eda de Educaci\u00f3n publica la 2\u00aa edici\u00f3n de&#46;&#46;&#46;<\/p>\n","protected":false},"author":1124,"featured_media":0,"comment_status":"open","ping_status":"open","sticky":false,"template":"","format":"standard","meta":{"ngg_post_thumbnail":0,"footnotes":""},"categories":[2284639],"tags":[],"aioseo_notices":[],"_links":{"self":[{"href":"https:\/\/blogsaverroes.juntadeandalucia.es\/plurilinguismodelegacionmalaga\/wp-json\/wp\/v2\/posts\/3096"}],"collection":[{"href":"https:\/\/blogsaverroes.juntadeandalucia.es\/plurilinguismodelegacionmalaga\/wp-json\/wp\/v2\/posts"}],"about":[{"href":"https:\/\/blogsaverroes.juntadeandalucia.es\/plurilinguismodelegacionmalaga\/wp-json\/wp\/v2\/types\/post"}],"author":[{"embeddable":true,"href":"https:\/\/blogsaverroes.juntadeandalucia.es\/plurilinguismodelegacionmalaga\/wp-json\/wp\/v2\/users\/1124"}],"replies":[{"embeddable":true,"href":"https:\/\/blogsaverroes.juntadeandalucia.es\/plurilinguismodelegacionmalaga\/wp-json\/wp\/v2\/comments?post=3096"}],"version-history":[{"count":0,"href":"https:\/\/blogsaverroes.juntadeandalucia.es\/plurilinguismodelegacionmalaga\/wp-json\/wp\/v2\/posts\/3096\/revisions"}],"wp:attachment":[{"href":"https:\/\/blogsaverroes.juntadeandalucia.es\/plurilinguismodelegacionmalaga\/wp-json\/wp\/v2\/media?parent=3096"}],"wp:term":[{"taxonomy":"category","embeddable":true,"href":"https:\/\/blogsaverroes.juntadeandalucia.es\/plurilinguismodelegacionmalaga\/wp-json\/wp\/v2\/categories?post=3096"},{"taxonomy":"post_tag","embeddable":true,"href":"https:\/\/blogsaverroes.juntadeandalucia.es\/plurilinguismodelegacionmalaga\/wp-json\/wp\/v2\/tags?post=3096"}],"curies":[{"name":"wp","href":"https:\/\/api.w.org\/{rel}","templated":true}]}}