{"id":3362,"date":"2013-03-13T14:52:57","date_gmt":"2013-03-13T13:52:57","guid":{"rendered":"http:\/\/www.educacionenmalaga.es\/bilinguismo\/?p=3362"},"modified":"2013-03-13T14:52:57","modified_gmt":"2013-03-13T13:52:57","slug":"malaga-saint-patricks-day","status":"publish","type":"post","link":"https:\/\/blogsaverroes.juntadeandalucia.es\/plurilinguismodelegacionmalaga\/2013\/03\/13\/malaga-saint-patricks-day\/","title":{"rendered":"M\u00e1laga Saint Patrick\u00b4s Day"},"content":{"rendered":"<p style=\"text-align: justify\"><a href=\"https:\/\/blogsaverroes.juntadeandalucia.es\/plurilinguismodelegacionmalaga\/files\/2013\/03\/d\u00eda-san-patricio.jpg\"><img loading=\"lazy\" decoding=\"async\" class=\"alignleft size-medium wp-image-3363\" alt=\"d\u00eda san patricio\" src=\"http:\/\/www.educacionenmalaga.es\/bilinguismo\/files\/2013\/03\/d\u00eda-san-patricio-300x216.jpg\" width=\"300\" height=\"216\" \/><\/a>Con motivo de la celebraci\u00f3n del D\u00eda de San Patricio el pr\u00f3ximo 17 de marzo y con la intenci\u00f3n de fomentar las relaciones culturales, educativas y tur\u00edsticas de M\u00e1laga con Irlanda, a continuaci\u00f3n se detallan una serie de actividades propuestas por el C\u00edrculo Cultural Irland\u00e9s Jorge (George) Campbell de M\u00e1laga que pueden ser de inter\u00e9s para los centros educativos de la provincia:<!--more--><\/p>\n<ul>\n<li>\n<div style=\"text-align: justify\">Organizaci\u00f3n de conciertos de m\u00fasica celta.<\/div>\n<\/li>\n<li>\n<div style=\"text-align: justify\">Fomento de\u00a0los intercambios escolares &#8220;on line&#8221; entre\u00a0centros biling\u00fces de ingl\u00e9s de M\u00e1laga con centros docentes hom\u00f3logos irlandeses biling\u00faes de espa\u00f1ol como lengua extranjera.<\/div>\n<\/li>\n<li>\n<div style=\"text-align: justify\">Intercambio de conversaci\u00f3n ingl\u00e9s\u00a0&#8211; espa\u00f1ol .<\/div>\n<\/li>\n<li>\n<div style=\"text-align: justify\">Gestiones para dotaci\u00f3n de publicaciones relacionadas con Irlanda en las bibliotecas p\u00fablicas del Ayuntamiento de M\u00e1laga as\u00ed como de plublicaciones acerca de M\u00e1laga en las bibliotecas p\u00fablicas de Irlanda.<\/div>\n<\/li>\n<li>\n<div style=\"text-align: justify\">Difusi\u00f3n de\u00a0la creaci\u00f3n del Premio de Pintura Jorge Campbell de M\u00e1laga.<\/div>\n<\/li>\n<li>\n<div style=\"text-align: justify\">Gesti\u00f3n de intercambios de asociaciones de artistas malague\u00f1os y hermanamientos de galer\u00edas de arte malague\u00f1as e irlandesas.<\/div>\n<\/li>\n<li>\n<div style=\"text-align: justify\">Intercambios de informaci\u00f3n y exposiciones entre asociaciones de fot\u00f3grafos malague\u00f1os e irlandeses.<\/div>\n<\/li>\n<li>\n<div style=\"text-align: justify\">Cooperaci\u00f3n con\u00a0 la asociaci\u00f3n de academias y centros de ense\u00f1anza del espa\u00f1ol como lengua extranjera para difundir sus\u00a0programas de estudios en Irlanda as\u00ed como entre las comunidades irlandesas de otros paises.<\/div>\n<\/li>\n<li>\n<div style=\"text-align: justify\">Fomento de las relaciones e intercambios de asociaciones de mayores entre M\u00e1laga e Irlanda.<\/div>\n<\/li>\n<li>\n<div style=\"text-align: justify\">Intercambios de informaci\u00f3n\u00a0\u00a0entre compa\u00f1\u00edas y festivales de\u00a0 teatro de M\u00e1laga e Irlanda.<\/div>\n<\/li>\n<li>\n<div style=\"text-align: justify\">Promoci\u00f3n de festivales de cine de Irlanda en M\u00e1laga y de M\u00e1laga en Irlanda.<\/div>\n<\/li>\n<li>\n<div style=\"text-align: justify\">Iniciar la promoci\u00f3n del barrio de Huelin, M\u00e1laga, en Irlanda y entre las comunidades de irlandeses de la provincia de M\u00e1laga a fin de llegar a acuerdos de colaboraci\u00f3n para dar a conocer Irlanda en M\u00e1laga.<\/div>\n<\/li>\n<li>Celebraci\u00f3n del D\u00eda de San Patricio en la Parroquia de San Patricio de Huelin el d\u00eda 17 de marzo a las 12:30 horas.<\/li>\n<\/ul>\n<p>Tambi\u00e9n pueden encontrar informaci\u00f3n sobre los or\u00edgenes y la\u00a0 celebraci\u00f3n de la festividad en los siguientes apartados:<\/p>\n<ul>\n<li>\n<p style=\"text-align: justify\">Publicaci\u00f3n: La emigraci\u00f3n irlandesa en el siglo XVIII. Ver cap\u00edtulo: Irlandeses en M\u00e1laga. Coordinadora: Profesora Mar\u00eda Bego\u00f1a Villar Garc\u00eda. Servicio de Publicaciones de la Universidad de M\u00e1laga.E-mail: <a href=\"mailto:bvillar@uma.es\">bvillar@uma.es<\/a>\u00a0 Telf.: +34 952131716.<\/p>\n<\/li>\n<li>\n<p style=\"text-align: justify\">Documental: GEORGE (JORGE) CAMPBELL\u00a0 &#8211; ROTONDA JORGE CAMPBELL DE M\u00c1LAGA. Buscando a Jorge &#8211; Looking for George. DVD.- CEDECOM M\u00e1laga 2007 &#8211; <a href=\"http:\/\/www.cedecom.es\/\">www.cedecom.es<\/a>\u00a0\u00a0\u00a0 Telf.:952070335.<\/p>\n<\/li>\n<li style=\"text-align: justify\">Concierto: El Teatro Cervantes de M\u00e1laga ofrecer\u00e1 un concierto de m\u00fasica celta\u00a0\u00a0el 23 de marzo de 2013\u00a0\u00a0a las\u00a0 20.00 horas. Mystic Dream (Tribute)\u00a0Tributo a Enya. \u00danica oportunidad de disfrutar en directo de la magia\u00a0 de sus melod\u00edas, ya que esta artista irlandesa no realiza conciertos. Es un concierto\u00a0 tributo sin\u00a0 la participaci\u00f3n de Enya.<\/li>\n<\/ul>\n<p style=\"text-align: justify\">Si necesitan contactar con el C\u00edrculo Cultural Irland\u00e9s Jorge (George) Campbell de M\u00e1laga que promueve la iniciativa, pueden hacerlo a trav\u00e9s de su portavoz D. Jose Antonio Sierra llamando al tel\u00e9fono\u00a0615137715.<\/p>\n<p style=\"text-align: justify\">M\u00e1s informaci\u00f3n: Web Festival de San Patricio en Irlanda: <a href=\"http:\/\/www.stpatricksfestival.ie\/\">www.stpatricksfestival.ie<\/a>\u00a0\u00a0\u00a0\u00a0\u00a0E-mail: <a href=\"mailto:info@stpatricksfestival.ie\">info@stpatricksfestival.ie<\/a>\u00a0 <a href=\"mailto:info@stpatricksfestival.ie\">Telf<\/a>:. +353 (01) 6763205<\/p>\n<p>&nbsp;<\/p>\n<p>&nbsp;<\/p>\n","protected":false},"excerpt":{"rendered":"<p>Con motivo de la celebraci\u00f3n del D\u00eda de San Patricio el pr\u00f3ximo 17 de marzo y con la intenci\u00f3n de fomentar las relaciones culturales, educativas y tur\u00edsticas de M\u00e1laga con Irlanda, a continuaci\u00f3n se&#46;&#46;&#46;<\/p>\n","protected":false},"author":1124,"featured_media":0,"comment_status":"open","ping_status":"open","sticky":false,"template":"","format":"standard","meta":{"ngg_post_thumbnail":0,"footnotes":""},"categories":[70],"tags":[],"aioseo_notices":[],"_links":{"self":[{"href":"https:\/\/blogsaverroes.juntadeandalucia.es\/plurilinguismodelegacionmalaga\/wp-json\/wp\/v2\/posts\/3362"}],"collection":[{"href":"https:\/\/blogsaverroes.juntadeandalucia.es\/plurilinguismodelegacionmalaga\/wp-json\/wp\/v2\/posts"}],"about":[{"href":"https:\/\/blogsaverroes.juntadeandalucia.es\/plurilinguismodelegacionmalaga\/wp-json\/wp\/v2\/types\/post"}],"author":[{"embeddable":true,"href":"https:\/\/blogsaverroes.juntadeandalucia.es\/plurilinguismodelegacionmalaga\/wp-json\/wp\/v2\/users\/1124"}],"replies":[{"embeddable":true,"href":"https:\/\/blogsaverroes.juntadeandalucia.es\/plurilinguismodelegacionmalaga\/wp-json\/wp\/v2\/comments?post=3362"}],"version-history":[{"count":0,"href":"https:\/\/blogsaverroes.juntadeandalucia.es\/plurilinguismodelegacionmalaga\/wp-json\/wp\/v2\/posts\/3362\/revisions"}],"wp:attachment":[{"href":"https:\/\/blogsaverroes.juntadeandalucia.es\/plurilinguismodelegacionmalaga\/wp-json\/wp\/v2\/media?parent=3362"}],"wp:term":[{"taxonomy":"category","embeddable":true,"href":"https:\/\/blogsaverroes.juntadeandalucia.es\/plurilinguismodelegacionmalaga\/wp-json\/wp\/v2\/categories?post=3362"},{"taxonomy":"post_tag","embeddable":true,"href":"https:\/\/blogsaverroes.juntadeandalucia.es\/plurilinguismodelegacionmalaga\/wp-json\/wp\/v2\/tags?post=3362"}],"curies":[{"name":"wp","href":"https:\/\/api.w.org\/{rel}","templated":true}]}}