{"id":3606,"date":"2013-04-13T16:25:09","date_gmt":"2013-04-13T15:25:09","guid":{"rendered":"http:\/\/www.educacionenmalaga.es\/bilinguismo\/?p=3606"},"modified":"2013-04-13T16:25:09","modified_gmt":"2013-04-13T15:25:09","slug":"convocatoria-del-premio-sello-europeo-de-las-lenguas-2013","status":"publish","type":"post","link":"https:\/\/blogsaverroes.juntadeandalucia.es\/plurilinguismodelegacionmalaga\/2013\/04\/13\/convocatoria-del-premio-sello-europeo-de-las-lenguas-2013\/","title":{"rendered":"Convocatoria del premio &#8220;Sello Europeo de las lenguas 2013&#8221;"},"content":{"rendered":"<p style=\"text-align: justify\"><a href=\"https:\/\/blogsaverroes.juntadeandalucia.es\/plurilinguismodelegacionmalaga\/files\/2013\/04\/Sello_europeo_lenguas.jpg\"><img loading=\"lazy\" decoding=\"async\" class=\"alignright size-medium wp-image-3608\" alt=\"Sello_europeo_lenguas\" src=\"http:\/\/www.educacionenmalaga.es\/bilinguismo\/files\/2013\/04\/Sello_europeo_lenguas-300x130.jpg\" width=\"300\" height=\"130\" srcset=\"https:\/\/blogsaverroes.juntadeandalucia.es\/plurilinguismodelegacionmalaga\/files\/2013\/04\/Sello_europeo_lenguas-300x130.jpg 300w, https:\/\/blogsaverroes.juntadeandalucia.es\/plurilinguismodelegacionmalaga\/files\/2013\/04\/Sello_europeo_lenguas-24x10.jpg 24w, https:\/\/blogsaverroes.juntadeandalucia.es\/plurilinguismodelegacionmalaga\/files\/2013\/04\/Sello_europeo_lenguas-36x16.jpg 36w, https:\/\/blogsaverroes.juntadeandalucia.es\/plurilinguismodelegacionmalaga\/files\/2013\/04\/Sello_europeo_lenguas-48x21.jpg 48w, https:\/\/blogsaverroes.juntadeandalucia.es\/plurilinguismodelegacionmalaga\/files\/2013\/04\/Sello_europeo_lenguas.jpg 759w\" sizes=\"(max-width: 300px) 100vw, 300px\" \/><\/a>El &#8220;Sello Europeo para las iniciativas innovadoras en la ense\u00f1anza y el aprendizaje de las lenguas&#8221; es una iniciativa de la Comisi\u00f3n Europea que refleja su inter\u00e9s por <strong>incentivar el aprendizaje de lenguas como veh\u00edculo necesario para una aut\u00e9ntica integraci\u00f3n europea.<\/strong><\/p>\n<p style=\"text-align: justify\">Este galard\u00f3n distingue las experiencias innovadoras en el campo de la ense\u00f1anza y el aprendizaje de las lenguas (incluido el lenguaje de signos), ya sean extranjeras, nacionales, regionales o propias de comunidades emigrantes llevadas a cabo por la ciudadan\u00eda. Viene otorg\u00e1ndose en el Estado espa\u00f1ol mediante convocatoria p\u00fablica desde 1998, y desde 2005 cuenta con dos modalidades:<!--more--><\/p>\n<p style=\"text-align: justify\"><strong>Modalidad A:<\/strong> Sello Europeo para las mejores actividades innovadoras en la ense\u00f1anza y el aprendizaje de las lenguas.<br \/>\n<strong>Modalidad B:<\/strong> Sello Europeo para el profesorado de lenguas que haya destacado por su dedicaci\u00f3n y profesionalidad en la ense\u00f1anza de lenguas.<\/p>\n<p style=\"text-align: justify\">Los proyectos o actuaciones deber\u00e1n reflejar las dos prioridades marcadas por la Comisi\u00f3n Europea:<\/p>\n<p style=\"text-align: justify\"><strong>a) El aprendizaje de lenguas basado en las nuevas tecnolog\u00edas.<\/strong><br \/>\n<strong>b) Clases multiling\u00fces.<\/strong><\/p>\n<p style=\"text-align: justify\">El Jurado dar\u00e1 tambi\u00e9n prelaci\u00f3n a iniciativas o proyectos que tengan como finalidad la mejora de las competencias en comunicaci\u00f3n ling\u00fc\u00edstica a trav\u00e9s de actuaciones como el aprendizaje integrado de contenidos y lenguas extranjeras, el portfolio europeo de las lenguas y la participaci\u00f3n en programas europeos.<\/p>\n<p style=\"text-align: justify\"><strong>El plazo<\/strong> de presentaci\u00f3n de candidaturas<strong> finalizar\u00e1 el 6 de mayo de 2013<\/strong> <strong>inclusive.<\/strong><\/p>\n<p style=\"text-align: justify\">La presidencia del Organismo Aut\u00f3nomo de Programas Educativos Europeos hace p\u00fablica la resoluci\u00f3n de 25 de marzo de 2013 por la que se establecen las condiciones. Pueden descargar el documento de la resoluci\u00f3n en el siguiente enlace: <a href=\"http:\/\/www.boe.es\/boe\/dias\/2013\/04\/12\/pdfs\/BOE-A-2013-3883.pdf\">Resoluci\u00f3n de 25 de marzo de 2013.<\/a><\/p>\n<p style=\"text-align: justify\">\u00a0<\/p>\n","protected":false},"excerpt":{"rendered":"<p>El &#8220;Sello Europeo para las iniciativas innovadoras en la ense\u00f1anza y el aprendizaje de las lenguas&#8221; es una iniciativa de la Comisi\u00f3n Europea que refleja su inter\u00e9s por incentivar el aprendizaje de lenguas como&#46;&#46;&#46;<\/p>\n","protected":false},"author":1124,"featured_media":0,"comment_status":"open","ping_status":"open","sticky":false,"template":"","format":"standard","meta":{"ngg_post_thumbnail":0,"footnotes":""},"categories":[431,5,2284639,2134355,52],"tags":[],"aioseo_notices":[],"_links":{"self":[{"href":"https:\/\/blogsaverroes.juntadeandalucia.es\/plurilinguismodelegacionmalaga\/wp-json\/wp\/v2\/posts\/3606"}],"collection":[{"href":"https:\/\/blogsaverroes.juntadeandalucia.es\/plurilinguismodelegacionmalaga\/wp-json\/wp\/v2\/posts"}],"about":[{"href":"https:\/\/blogsaverroes.juntadeandalucia.es\/plurilinguismodelegacionmalaga\/wp-json\/wp\/v2\/types\/post"}],"author":[{"embeddable":true,"href":"https:\/\/blogsaverroes.juntadeandalucia.es\/plurilinguismodelegacionmalaga\/wp-json\/wp\/v2\/users\/1124"}],"replies":[{"embeddable":true,"href":"https:\/\/blogsaverroes.juntadeandalucia.es\/plurilinguismodelegacionmalaga\/wp-json\/wp\/v2\/comments?post=3606"}],"version-history":[{"count":0,"href":"https:\/\/blogsaverroes.juntadeandalucia.es\/plurilinguismodelegacionmalaga\/wp-json\/wp\/v2\/posts\/3606\/revisions"}],"wp:attachment":[{"href":"https:\/\/blogsaverroes.juntadeandalucia.es\/plurilinguismodelegacionmalaga\/wp-json\/wp\/v2\/media?parent=3606"}],"wp:term":[{"taxonomy":"category","embeddable":true,"href":"https:\/\/blogsaverroes.juntadeandalucia.es\/plurilinguismodelegacionmalaga\/wp-json\/wp\/v2\/categories?post=3606"},{"taxonomy":"post_tag","embeddable":true,"href":"https:\/\/blogsaverroes.juntadeandalucia.es\/plurilinguismodelegacionmalaga\/wp-json\/wp\/v2\/tags?post=3606"}],"curies":[{"name":"wp","href":"https:\/\/api.w.org\/{rel}","templated":true}]}}