{"id":3667,"date":"2013-04-19T12:19:54","date_gmt":"2013-04-19T11:19:54","guid":{"rendered":"http:\/\/www.educacionenmalaga.es\/bilinguismo\/?p=3667"},"modified":"2013-04-19T12:19:54","modified_gmt":"2013-04-19T11:19:54","slug":"feria-internacional-de-cursos-en-el-extranjero-eduexpo-2013","status":"publish","type":"post","link":"https:\/\/blogsaverroes.juntadeandalucia.es\/plurilinguismodelegacionmalaga\/2013\/04\/19\/feria-internacional-de-cursos-en-el-extranjero-eduexpo-2013\/","title":{"rendered":"Feria Internacional de cursos en el extranjero EDUEXPO 2013"},"content":{"rendered":"<p style=\"text-align: justify\"><a href=\"https:\/\/blogsaverroes.juntadeandalucia.es\/plurilinguismodelegacionmalaga\/files\/2013\/04\/eduexpo-2013.png\"><img loading=\"lazy\" decoding=\"async\" class=\"alignleft size-medium wp-image-3668\" alt=\"eduexpo 2013\" src=\"http:\/\/www.educacionenmalaga.es\/bilinguismo\/files\/2013\/04\/eduexpo-2013-300x199.png\" width=\"300\" height=\"199\" \/><\/a>El pr\u00f3ximo 22 de abril en Barcelona y el 24 de abril en Madrid, se celebrar\u00e1 la Feria Internacional de cursos en el extranjero EDUEXPO\u00a0 2013.<\/p>\n<p style=\"text-align: justify\">La feria m\u00e1s inteligente de estudios en el exterior reunir\u00e1 a m\u00e1s de 50 expositores y ofrecer\u00e1 a los asistentes un lugar de encuentro personalizado. Se contar\u00e1 con la presencia de representaciones oficiales como la Embajada de Canad\u00e1 y\u00a0Educaci\u00f3n en\u00a0EEUU, directores y representantes de prestigiosas universidades a nivel mundial\u00a0 y agencias de estudios y universidades de Espa\u00f1a.<\/p>\n<p style=\"text-align: justify\">Con el prop\u00f3sito de facilitar la b\u00fasqueda del mejor programa de estudios se ha creado la red EDUFINDME, \u00a0un sistema que autom\u00e1ticamente resalta la compatibilidad entre lo que el expositor ofrece y lo que el estudiante est\u00e1 buscando.<!--more--><\/p>\n<p style=\"text-align: justify\">EDUEXPO ofrecer\u00e1 conferencias con el objetivo de informar y orientar a estudiantes, centros educativos, universidades y familias sobre las oportunidades para estudiar y trabajar en el extranjero, cursos de verano, negocios, estudios de especialidad y estudios virtuales. Se dispondr\u00e1 adem\u00e1s de informaci\u00f3n sobre visados, seguros de salud y todo lo que se necesita para viajar informado y con seguridad.<\/p>\n<p style=\"text-align: justify\">Para asistir gratuitamente al evento, se debe realizar el registro en el sitio web donde se recibir\u00e1 una escarapela que lleva un c\u00f3digo de barras. \u00c9sta servir\u00e1 como entrada al evento y para conectarse virtualmente con los distintos expositores del inter\u00e9s del asistente.<\/p>\n<p style=\"text-align: justify\">Los interesados pueden obtener m\u00e1s informaci\u00f3n consultando el siguiente <a href=\"http:\/\/edufindme.com\/expo\/es?partner=rtes2013\">ENLACE.<\/a><\/p>\n","protected":false},"excerpt":{"rendered":"<p>El pr\u00f3ximo 22 de abril en Barcelona y el 24 de abril en Madrid, se celebrar\u00e1 la Feria Internacional de cursos en el extranjero EDUEXPO\u00a0 2013. La feria m\u00e1s inteligente de estudios en el&#46;&#46;&#46;<\/p>\n","protected":false},"author":1124,"featured_media":0,"comment_status":"open","ping_status":"open","sticky":false,"template":"","format":"standard","meta":{"ngg_post_thumbnail":0,"footnotes":""},"categories":[70],"tags":[],"aioseo_notices":[],"_links":{"self":[{"href":"https:\/\/blogsaverroes.juntadeandalucia.es\/plurilinguismodelegacionmalaga\/wp-json\/wp\/v2\/posts\/3667"}],"collection":[{"href":"https:\/\/blogsaverroes.juntadeandalucia.es\/plurilinguismodelegacionmalaga\/wp-json\/wp\/v2\/posts"}],"about":[{"href":"https:\/\/blogsaverroes.juntadeandalucia.es\/plurilinguismodelegacionmalaga\/wp-json\/wp\/v2\/types\/post"}],"author":[{"embeddable":true,"href":"https:\/\/blogsaverroes.juntadeandalucia.es\/plurilinguismodelegacionmalaga\/wp-json\/wp\/v2\/users\/1124"}],"replies":[{"embeddable":true,"href":"https:\/\/blogsaverroes.juntadeandalucia.es\/plurilinguismodelegacionmalaga\/wp-json\/wp\/v2\/comments?post=3667"}],"version-history":[{"count":0,"href":"https:\/\/blogsaverroes.juntadeandalucia.es\/plurilinguismodelegacionmalaga\/wp-json\/wp\/v2\/posts\/3667\/revisions"}],"wp:attachment":[{"href":"https:\/\/blogsaverroes.juntadeandalucia.es\/plurilinguismodelegacionmalaga\/wp-json\/wp\/v2\/media?parent=3667"}],"wp:term":[{"taxonomy":"category","embeddable":true,"href":"https:\/\/blogsaverroes.juntadeandalucia.es\/plurilinguismodelegacionmalaga\/wp-json\/wp\/v2\/categories?post=3667"},{"taxonomy":"post_tag","embeddable":true,"href":"https:\/\/blogsaverroes.juntadeandalucia.es\/plurilinguismodelegacionmalaga\/wp-json\/wp\/v2\/tags?post=3667"}],"curies":[{"name":"wp","href":"https:\/\/api.w.org\/{rel}","templated":true}]}}