{"id":3703,"date":"2013-04-22T14:14:33","date_gmt":"2013-04-22T13:14:33","guid":{"rendered":"http:\/\/www.educacionenmalaga.es\/bilinguismo\/?p=3703"},"modified":"2013-04-22T14:14:33","modified_gmt":"2013-04-22T13:14:33","slug":"plurilinguismo-en-malaga-celebra-el-dia-de-europa-en-un-encuentro-multicultural","status":"publish","type":"post","link":"https:\/\/blogsaverroes.juntadeandalucia.es\/plurilinguismodelegacionmalaga\/2013\/04\/22\/plurilinguismo-en-malaga-celebra-el-dia-de-europa-en-un-encuentro-multicultural\/","title":{"rendered":"Pluriling\u00fcismo en M\u00e1laga celebrar\u00e1 el D\u00eda de Europa en un encuentro multicultural"},"content":{"rendered":"<p style=\"text-align: justify\"><a href=\"https:\/\/blogsaverroes.juntadeandalucia.es\/plurilinguismodelegacionmalaga\/files\/2013\/04\/taller10.jpg\"><img loading=\"lazy\" decoding=\"async\" class=\"alignleft size-medium wp-image-3704\" alt=\"taller10\" src=\"http:\/\/www.educacionenmalaga.es\/bilinguismo\/files\/2013\/04\/taller10-200x300.jpg\" width=\"204\" height=\"291\" \/><\/a>Con motivo de la celebraci\u00f3n del <strong>D\u00eda de Europa el pr\u00f3ximo 9 de mayo<\/strong>, el Equipo de Pluriling\u00fcismo de la Delegaci\u00f3n Territorial de Educaci\u00f3n, Cultura y Deporte de M\u00e1laga, en colaboraci\u00f3n con la Asociaci\u00f3n Intercambia, os damos a\u00a0conocer una iniciativa que pretende aunar cultura e idiomas.<\/p>\n<p style=\"text-align: justify\">El encuentro tendr\u00e1 lugar a las 18:00 horas en el Centro de Recursos Asociativos de El Palo\u00a0 situado en la calle Bolivia n\u00ba 10.<\/p>\n<p style=\"text-align: justify\">Pretendemos que sea una jornada de convivencia en la que puedan participar tanto auxiliares de conversaci\u00f3n como profesorado de centros biling\u00fces y profesorado de ATAL e Interculturalidad. Tambi\u00e9n tendr\u00e1n oportunidad de participar todos aquellos docentes que deseen intercambiar idiomas y conocer la gastronom\u00eda del mundo si el aforo lo permite.<!--more--><\/p>\n<p style=\"text-align: justify\"><a href=\"https:\/\/blogsaverroes.juntadeandalucia.es\/plurilinguismodelegacionmalaga\/files\/2013\/04\/taller41.jpg\"><img loading=\"lazy\" decoding=\"async\" class=\"alignright size-medium wp-image-3708\" alt=\"taller4\" src=\"http:\/\/www.educacionenmalaga.es\/bilinguismo\/files\/2013\/04\/taller41-300x200.jpg\" width=\"300\" height=\"200\" srcset=\"https:\/\/blogsaverroes.juntadeandalucia.es\/plurilinguismodelegacionmalaga\/files\/2013\/04\/taller41-300x200.jpg 300w, https:\/\/blogsaverroes.juntadeandalucia.es\/plurilinguismodelegacionmalaga\/files\/2013\/04\/taller41-768x512.jpg 768w, https:\/\/blogsaverroes.juntadeandalucia.es\/plurilinguismodelegacionmalaga\/files\/2013\/04\/taller41-24x16.jpg 24w, https:\/\/blogsaverroes.juntadeandalucia.es\/plurilinguismodelegacionmalaga\/files\/2013\/04\/taller41-36x24.jpg 36w, https:\/\/blogsaverroes.juntadeandalucia.es\/plurilinguismodelegacionmalaga\/files\/2013\/04\/taller41-48x32.jpg 48w, https:\/\/blogsaverroes.juntadeandalucia.es\/plurilinguismodelegacionmalaga\/files\/2013\/04\/taller41.jpg 960w\" sizes=\"(max-width: 300px) 100vw, 300px\" \/><\/a>Cada uno de los participantes podr\u00e1 aportar un producto, plato t\u00edpico de su pa\u00eds o bebida. Ser\u00eda interesante poder compartir\u00a0\u00a0adem\u00e1s m\u00fasicas del mundo, banderas y algunas diapositivas con los lugares m\u00e1s emblem\u00e1ticos de su lugar de origen. Por otro lado, es importante que el encuentro sirva de intercambio de idiomas.<\/p>\n<p style=\"text-align: justify\"><strong>Los interesados deben enviar un\u00a0correo antes del 29 de abril<\/strong> a la direcci\u00f3n de correo electr\u00f3nico que aparece a continuaci\u00f3n indicando su deseo de participar, \u00a0el pa\u00eds de origen, el idioma materno y el idioma o idiomas que le gustar\u00eda practicar: <a href=\"mailto:programas.europeos.internacionales.dpma.ced@juntadeandalucia.es\">programas.europeos.internacionales.dpma.ced@juntadeandalucia.es<\/a><\/p>\n<p style=\"text-align: justify\">Os agradecemos de antemano vuestra colaboraci\u00f3n e inter\u00e9s.<\/p>\n","protected":false},"excerpt":{"rendered":"<p>Con motivo de la celebraci\u00f3n del D\u00eda de Europa el pr\u00f3ximo 9 de mayo, el Equipo de Pluriling\u00fcismo de la Delegaci\u00f3n Territorial de Educaci\u00f3n, Cultura y Deporte de M\u00e1laga, en colaboraci\u00f3n con la Asociaci\u00f3n&#46;&#46;&#46;<\/p>\n","protected":false},"author":1124,"featured_media":0,"comment_status":"open","ping_status":"open","sticky":false,"template":"","format":"standard","meta":{"ngg_post_thumbnail":0,"footnotes":""},"categories":[70],"tags":[],"aioseo_notices":[],"_links":{"self":[{"href":"https:\/\/blogsaverroes.juntadeandalucia.es\/plurilinguismodelegacionmalaga\/wp-json\/wp\/v2\/posts\/3703"}],"collection":[{"href":"https:\/\/blogsaverroes.juntadeandalucia.es\/plurilinguismodelegacionmalaga\/wp-json\/wp\/v2\/posts"}],"about":[{"href":"https:\/\/blogsaverroes.juntadeandalucia.es\/plurilinguismodelegacionmalaga\/wp-json\/wp\/v2\/types\/post"}],"author":[{"embeddable":true,"href":"https:\/\/blogsaverroes.juntadeandalucia.es\/plurilinguismodelegacionmalaga\/wp-json\/wp\/v2\/users\/1124"}],"replies":[{"embeddable":true,"href":"https:\/\/blogsaverroes.juntadeandalucia.es\/plurilinguismodelegacionmalaga\/wp-json\/wp\/v2\/comments?post=3703"}],"version-history":[{"count":0,"href":"https:\/\/blogsaverroes.juntadeandalucia.es\/plurilinguismodelegacionmalaga\/wp-json\/wp\/v2\/posts\/3703\/revisions"}],"wp:attachment":[{"href":"https:\/\/blogsaverroes.juntadeandalucia.es\/plurilinguismodelegacionmalaga\/wp-json\/wp\/v2\/media?parent=3703"}],"wp:term":[{"taxonomy":"category","embeddable":true,"href":"https:\/\/blogsaverroes.juntadeandalucia.es\/plurilinguismodelegacionmalaga\/wp-json\/wp\/v2\/categories?post=3703"},{"taxonomy":"post_tag","embeddable":true,"href":"https:\/\/blogsaverroes.juntadeandalucia.es\/plurilinguismodelegacionmalaga\/wp-json\/wp\/v2\/tags?post=3703"}],"curies":[{"name":"wp","href":"https:\/\/api.w.org\/{rel}","templated":true}]}}