{"id":3938,"date":"2013-05-24T13:56:44","date_gmt":"2013-05-24T12:56:44","guid":{"rendered":"http:\/\/www.educacionenmalaga.es\/bilinguismo\/?p=3938"},"modified":"2013-05-24T13:56:44","modified_gmt":"2013-05-24T12:56:44","slug":"buenas-practicas-educativas-en-malaga","status":"publish","type":"post","link":"https:\/\/blogsaverroes.juntadeandalucia.es\/plurilinguismodelegacionmalaga\/2013\/05\/24\/buenas-practicas-educativas-en-malaga\/","title":{"rendered":"Buenas pr\u00e1cticas educativas en M\u00e1laga"},"content":{"rendered":"<p style=\"text-align: justify\"><a href=\"https:\/\/blogsaverroes.juntadeandalucia.es\/plurilinguismodelegacionmalaga\/files\/2013\/05\/buenas_practicas.gif\"><img loading=\"lazy\" decoding=\"async\" class=\"alignright size-full wp-image-3939\" alt=\"buenas_practicas\" src=\"https:\/\/blogsaverroes.juntadeandalucia.es\/plurilinguismodelegacionmalaga\/files\/2013\/05\/buenas_practicas.gif\" width=\"221\" height=\"157\" \/><\/a>Con la finalidad de conocer, fomentar y recoger las buenas pr\u00e1cticas que se est\u00e1n desarrollando en los distintos centros y equipos educativos de M\u00e1laga y provincia, la Delegaci\u00f3n Territorial de Educaci\u00f3n, Cultura y Deporte de M\u00e1laga pone a disposici\u00f3n de toda la comunidad educativa el siguiente formulario para poder conocer aquellas experiencias educativas m\u00e1s destacadas.<\/p>\n<p style=\"text-align: justify\">Aqu\u00ed puedes acceder al <a href=\"https:\/\/docs.google.com\/forms\/d\/1-cHNsf2drcgHHyz1O1n91ltBAMD1ItVAJhZsuFe1M8U\/viewform\">formulario<\/a> de recogida de datos de buenas pr\u00e1cticas.<\/p>\n","protected":false},"excerpt":{"rendered":"<p>Con la finalidad de conocer, fomentar y recoger las buenas pr\u00e1cticas que se est\u00e1n desarrollando en los distintos centros y equipos educativos de M\u00e1laga y provincia, la Delegaci\u00f3n Territorial de Educaci\u00f3n, Cultura y Deporte&#46;&#46;&#46;<\/p>\n","protected":false},"author":1124,"featured_media":0,"comment_status":"open","ping_status":"open","sticky":false,"template":"","format":"standard","meta":{"ngg_post_thumbnail":0,"footnotes":""},"categories":[946],"tags":[],"aioseo_notices":[],"_links":{"self":[{"href":"https:\/\/blogsaverroes.juntadeandalucia.es\/plurilinguismodelegacionmalaga\/wp-json\/wp\/v2\/posts\/3938"}],"collection":[{"href":"https:\/\/blogsaverroes.juntadeandalucia.es\/plurilinguismodelegacionmalaga\/wp-json\/wp\/v2\/posts"}],"about":[{"href":"https:\/\/blogsaverroes.juntadeandalucia.es\/plurilinguismodelegacionmalaga\/wp-json\/wp\/v2\/types\/post"}],"author":[{"embeddable":true,"href":"https:\/\/blogsaverroes.juntadeandalucia.es\/plurilinguismodelegacionmalaga\/wp-json\/wp\/v2\/users\/1124"}],"replies":[{"embeddable":true,"href":"https:\/\/blogsaverroes.juntadeandalucia.es\/plurilinguismodelegacionmalaga\/wp-json\/wp\/v2\/comments?post=3938"}],"version-history":[{"count":0,"href":"https:\/\/blogsaverroes.juntadeandalucia.es\/plurilinguismodelegacionmalaga\/wp-json\/wp\/v2\/posts\/3938\/revisions"}],"wp:attachment":[{"href":"https:\/\/blogsaverroes.juntadeandalucia.es\/plurilinguismodelegacionmalaga\/wp-json\/wp\/v2\/media?parent=3938"}],"wp:term":[{"taxonomy":"category","embeddable":true,"href":"https:\/\/blogsaverroes.juntadeandalucia.es\/plurilinguismodelegacionmalaga\/wp-json\/wp\/v2\/categories?post=3938"},{"taxonomy":"post_tag","embeddable":true,"href":"https:\/\/blogsaverroes.juntadeandalucia.es\/plurilinguismodelegacionmalaga\/wp-json\/wp\/v2\/tags?post=3938"}],"curies":[{"name":"wp","href":"https:\/\/api.w.org\/{rel}","templated":true}]}}