{"id":3999,"date":"2013-06-03T09:33:29","date_gmt":"2013-06-03T08:33:29","guid":{"rendered":"http:\/\/www.educacionenmalaga.es\/bilinguismo\/?p=3999"},"modified":"2013-06-03T09:33:29","modified_gmt":"2013-06-03T08:33:29","slug":"el-ceip-el-chaparral-recibe-a-los-socios-europeos-participantes-en-un-proyecto-multilateral-sobre-medio-ambiente","status":"publish","type":"post","link":"https:\/\/blogsaverroes.juntadeandalucia.es\/plurilinguismodelegacionmalaga\/2013\/06\/03\/el-ceip-el-chaparral-recibe-a-los-socios-europeos-participantes-en-un-proyecto-multilateral-sobre-medio-ambiente\/","title":{"rendered":"El CEIP El Chaparral recibe a los socios europeos participantes en un Proyecto Multilateral sobre medio ambiente"},"content":{"rendered":"<p style=\"text-align: justify\"><a href=\"https:\/\/blogsaverroes.juntadeandalucia.es\/plurilinguismodelegacionmalaga\/files\/2013\/06\/DSC05787.jpg\"><img loading=\"lazy\" decoding=\"async\" class=\"size-medium wp-image-4000 alignleft\" alt=\"SONY DSC\" src=\"http:\/\/www.educacionenmalaga.es\/bilinguismo\/files\/2013\/06\/DSC05787-300x200.jpg\" width=\"300\" height=\"200\" \/><\/a>El intercambio de experiencias con pa\u00edses de la Uni\u00f3n Europea se ha convertido en un elemento importante para los centros educativos de la provincia. El programa Comenius del Organismo Aut\u00f3nomo de Programas Educativos Europeos se integra como una experiencia de aprendizaje que beneficia tanto a alumnado como a profesorado favoreciendo la creaci\u00f3n de asociaciones escolares entre centros de distintos pa\u00edses y la organizaci\u00f3n de redes y proyectos multilaterales.<\/p>\n<p style=\"text-align: justify\">El CEIP El Chaparral, de la Cala de Mijas, ha formado parte del Proyecto Multilateral Comenius:\u00a0 &#8220;BRING OUTDOORS INSIDE&#8221;. Los centros participantes procedentes de Reino Unido, Bulgaria, Turqu\u00eda, Ruman\u00eda, Suecia y Espa\u00f1a ten\u00edan como objetivo intercambiar experiencias y concienciar a los escolares sobre la importancia del cuidado del medio ambiente.<\/p>\n<p style=\"text-align: justify\">El centro espa\u00f1ol ha recibido recientemente la visita de los socios europeos, movilidad que ha servido\u00a0para\u00a0coordinar y\u00a0planificar las actividades del programa, su seguimiento\u00a0 y posterior evaluaci\u00f3n. El encuentro ha permitido adem\u00e1s fomentar la dimensi\u00f3n intercultural. Los centros visitantes han tenido la posibilidad de conocer el\u00a0colegio y la localidad, ubicada en un marco incomparable.<\/p>\n","protected":false},"excerpt":{"rendered":"<p>El intercambio de experiencias con pa\u00edses de la Uni\u00f3n Europea se ha convertido en un elemento importante para los centros educativos de la provincia. El programa Comenius del Organismo Aut\u00f3nomo de Programas Educativos Europeos&#46;&#46;&#46;<\/p>\n","protected":false},"author":1124,"featured_media":0,"comment_status":"open","ping_status":"open","sticky":false,"template":"","format":"standard","meta":{"ngg_post_thumbnail":0,"footnotes":""},"categories":[946],"tags":[],"aioseo_notices":[],"_links":{"self":[{"href":"https:\/\/blogsaverroes.juntadeandalucia.es\/plurilinguismodelegacionmalaga\/wp-json\/wp\/v2\/posts\/3999"}],"collection":[{"href":"https:\/\/blogsaverroes.juntadeandalucia.es\/plurilinguismodelegacionmalaga\/wp-json\/wp\/v2\/posts"}],"about":[{"href":"https:\/\/blogsaverroes.juntadeandalucia.es\/plurilinguismodelegacionmalaga\/wp-json\/wp\/v2\/types\/post"}],"author":[{"embeddable":true,"href":"https:\/\/blogsaverroes.juntadeandalucia.es\/plurilinguismodelegacionmalaga\/wp-json\/wp\/v2\/users\/1124"}],"replies":[{"embeddable":true,"href":"https:\/\/blogsaverroes.juntadeandalucia.es\/plurilinguismodelegacionmalaga\/wp-json\/wp\/v2\/comments?post=3999"}],"version-history":[{"count":0,"href":"https:\/\/blogsaverroes.juntadeandalucia.es\/plurilinguismodelegacionmalaga\/wp-json\/wp\/v2\/posts\/3999\/revisions"}],"wp:attachment":[{"href":"https:\/\/blogsaverroes.juntadeandalucia.es\/plurilinguismodelegacionmalaga\/wp-json\/wp\/v2\/media?parent=3999"}],"wp:term":[{"taxonomy":"category","embeddable":true,"href":"https:\/\/blogsaverroes.juntadeandalucia.es\/plurilinguismodelegacionmalaga\/wp-json\/wp\/v2\/categories?post=3999"},{"taxonomy":"post_tag","embeddable":true,"href":"https:\/\/blogsaverroes.juntadeandalucia.es\/plurilinguismodelegacionmalaga\/wp-json\/wp\/v2\/tags?post=3999"}],"curies":[{"name":"wp","href":"https:\/\/api.w.org\/{rel}","templated":true}]}}