{"id":4187,"date":"2013-08-29T07:31:34","date_gmt":"2013-08-29T06:31:34","guid":{"rendered":"http:\/\/www.educacionenmalaga.es\/bilinguismo\/?p=4187"},"modified":"2013-08-29T07:31:34","modified_gmt":"2013-08-29T06:31:34","slug":"resoluciones-ayudantes-comenius-y-centros-de-acogida-de-ayudantes-comenius","status":"publish","type":"post","link":"https:\/\/blogsaverroes.juntadeandalucia.es\/plurilinguismodelegacionmalaga\/2013\/08\/29\/resoluciones-ayudantes-comenius-y-centros-de-acogida-de-ayudantes-comenius\/","title":{"rendered":"Resoluciones Ayudantes Comenius y Centros de Acogida de Ayudantes Comenius"},"content":{"rendered":"<p style=\"text-align: justify\"><a href=\"http:\/\/www.educacionenmalaga.es\/bilinguismo\/?attachment_id=4193\" rel=\"attachment wp-att-4193\"><img loading=\"lazy\" decoding=\"async\" class=\"alignright size-full wp-image-4193\" alt=\"ayudantes comenius\" src=\"https:\/\/blogsaverroes.juntadeandalucia.es\/plurilinguismodelegacionmalaga\/files\/2013\/08\/ayudantes-comenius.jpg\" width=\"126\" height=\"100\" srcset=\"https:\/\/blogsaverroes.juntadeandalucia.es\/plurilinguismodelegacionmalaga\/files\/2013\/08\/ayudantes-comenius.jpg 111w, https:\/\/blogsaverroes.juntadeandalucia.es\/plurilinguismodelegacionmalaga\/files\/2013\/08\/ayudantes-comenius-24x19.jpg 24w, https:\/\/blogsaverroes.juntadeandalucia.es\/plurilinguismodelegacionmalaga\/files\/2013\/08\/ayudantes-comenius-36x29.jpg 36w, https:\/\/blogsaverroes.juntadeandalucia.es\/plurilinguismodelegacionmalaga\/files\/2013\/08\/ayudantes-comenius-48x38.jpg 48w\" sizes=\"(max-width: 126px) 100vw, 126px\" \/><\/a>Han sido publicadas dos resoluciones con fecha de 30 de julio de 2013 que hacen p\u00fablico el resultado de las convocatoria de Programas Europeos de Educaci\u00f3n 2013: Ayudantes Comenius (pinchar <a href=\"http:\/\/www.juntadeandalucia.es\/educacion\/portal\/com\/bin\/Contenidos\/IEFP\/ProgramasInternacionales\/ProgramasEuropeos\/20130731_ResolAyudantesComenius2013\/1375265029087_resolucixn_ayudantes_comenius_2013.pdf\">aqu\u00ed<\/a>) y de Centros de Acogida de Ayudantes Comenius (pinchar <a href=\"http:\/\/www.juntadeandalucia.es\/educacion\/portal\/com\/bin\/Contenidos\/IEFP\/ProgramasInternacionales\/ProgramasEuropeos\/20130731_ResolCentrosAcogidaAyudComenius\/1375264792469_resolucixn_centrosacogida_2013.pdf\">aqu\u00ed<\/a>).<\/p>\n","protected":false},"excerpt":{"rendered":"<p>Han sido publicadas dos resoluciones con fecha de 30 de julio de 2013 que hacen p\u00fablico el resultado de las convocatoria de Programas Europeos de Educaci\u00f3n 2013: Ayudantes Comenius (pinchar aqu\u00ed) y de Centros&#46;&#46;&#46;<\/p>\n","protected":false},"author":1124,"featured_media":0,"comment_status":"open","ping_status":"open","sticky":false,"template":"","format":"standard","meta":{"ngg_post_thumbnail":0,"footnotes":""},"categories":[21042,2113,2284639,2134355],"tags":[],"aioseo_notices":[],"_links":{"self":[{"href":"https:\/\/blogsaverroes.juntadeandalucia.es\/plurilinguismodelegacionmalaga\/wp-json\/wp\/v2\/posts\/4187"}],"collection":[{"href":"https:\/\/blogsaverroes.juntadeandalucia.es\/plurilinguismodelegacionmalaga\/wp-json\/wp\/v2\/posts"}],"about":[{"href":"https:\/\/blogsaverroes.juntadeandalucia.es\/plurilinguismodelegacionmalaga\/wp-json\/wp\/v2\/types\/post"}],"author":[{"embeddable":true,"href":"https:\/\/blogsaverroes.juntadeandalucia.es\/plurilinguismodelegacionmalaga\/wp-json\/wp\/v2\/users\/1124"}],"replies":[{"embeddable":true,"href":"https:\/\/blogsaverroes.juntadeandalucia.es\/plurilinguismodelegacionmalaga\/wp-json\/wp\/v2\/comments?post=4187"}],"version-history":[{"count":0,"href":"https:\/\/blogsaverroes.juntadeandalucia.es\/plurilinguismodelegacionmalaga\/wp-json\/wp\/v2\/posts\/4187\/revisions"}],"wp:attachment":[{"href":"https:\/\/blogsaverroes.juntadeandalucia.es\/plurilinguismodelegacionmalaga\/wp-json\/wp\/v2\/media?parent=4187"}],"wp:term":[{"taxonomy":"category","embeddable":true,"href":"https:\/\/blogsaverroes.juntadeandalucia.es\/plurilinguismodelegacionmalaga\/wp-json\/wp\/v2\/categories?post=4187"},{"taxonomy":"post_tag","embeddable":true,"href":"https:\/\/blogsaverroes.juntadeandalucia.es\/plurilinguismodelegacionmalaga\/wp-json\/wp\/v2\/tags?post=4187"}],"curies":[{"name":"wp","href":"https:\/\/api.w.org\/{rel}","templated":true}]}}