{"id":4242,"date":"2013-09-10T10:54:20","date_gmt":"2013-09-10T09:54:20","guid":{"rendered":"http:\/\/www.educacionenmalaga.es\/bilinguismo\/?p=4242"},"modified":"2013-09-10T10:54:20","modified_gmt":"2013-09-10T09:54:20","slug":"resolucion-de-convocatoria-de-estancias-en-la-ue-para-alumnos-de-formacion-profesional","status":"publish","type":"post","link":"https:\/\/blogsaverroes.juntadeandalucia.es\/plurilinguismodelegacionmalaga\/2013\/09\/10\/resolucion-de-convocatoria-de-estancias-en-la-ue-para-alumnos-de-formacion-profesional\/","title":{"rendered":"Resoluci\u00f3n de convocatoria de estancias en la UE para alumnos de Formaci\u00f3n Profesional"},"content":{"rendered":"<div style=\"text-align: justify\"><a href=\"http:\/\/www.educacionenmalaga.es\/bilinguismo\/2013\/09\/10\/resolucion-de-convocatoria-de-estancias-en-la-ue-para-alumnos-de-formacion-profesional\/fp-pa-borrar\/\" rel=\"attachment wp-att-4243\"><img loading=\"lazy\" decoding=\"async\" class=\"alignright size-full wp-image-4243\" alt=\"fp pa borrar\" src=\"https:\/\/blogsaverroes.juntadeandalucia.es\/plurilinguismodelegacionmalaga\/files\/2013\/09\/fp-pa-borrar.jpg\" width=\"104\" height=\"106\" srcset=\"https:\/\/blogsaverroes.juntadeandalucia.es\/plurilinguismodelegacionmalaga\/files\/2013\/09\/fp-pa-borrar.jpg 109w, https:\/\/blogsaverroes.juntadeandalucia.es\/plurilinguismodelegacionmalaga\/files\/2013\/09\/fp-pa-borrar-24x24.jpg 24w, https:\/\/blogsaverroes.juntadeandalucia.es\/plurilinguismodelegacionmalaga\/files\/2013\/09\/fp-pa-borrar-36x36.jpg 36w, https:\/\/blogsaverroes.juntadeandalucia.es\/plurilinguismodelegacionmalaga\/files\/2013\/09\/fp-pa-borrar-48x48.jpg 48w\" sizes=\"(max-width: 104px) 100vw, 104px\" \/><\/a>Ha sido publicada la resoluci\u00f3n del primer plazo de la convocatoria del curso 2013\/2014 de estancias en otros pa\u00edses de la Uni\u00f3n Europea para el alumnado que cursa ense\u00f1anzas de formaci\u00f3n profesional inicial, al amparo de la Orden de 16 de mayo de 2011 y de la Resoluci\u00f3n de 6 de marzo de 2013.<\/div>\n<div style=\"text-align: justify\"><\/div>\n<div>Para consultar la Resoluci\u00f3n, pinchar <a href=\"http:\/\/www.juntadeandalucia.es\/educacion\/nav\/contenido.jsp?pag=\/Contenidos\/FPEP\/FCTEuropa\/20130909_Resol1plazoUEalumnadoFPI&amp;vismenu=0,0,1,1,1,1,0,0,0\">aqu\u00ed<\/a>.<\/div>\n<div><\/div>\n","protected":false},"excerpt":{"rendered":"<p>Ha sido publicada la resoluci\u00f3n del primer plazo de la convocatoria del curso 2013\/2014 de estancias en otros pa\u00edses de la Uni\u00f3n Europea para el alumnado que cursa ense\u00f1anzas de formaci\u00f3n profesional inicial, al&#46;&#46;&#46;<\/p>\n","protected":false},"author":1124,"featured_media":0,"comment_status":"open","ping_status":"open","sticky":false,"template":"","format":"standard","meta":{"ngg_post_thumbnail":0,"footnotes":""},"categories":[5],"tags":[],"aioseo_notices":[],"_links":{"self":[{"href":"https:\/\/blogsaverroes.juntadeandalucia.es\/plurilinguismodelegacionmalaga\/wp-json\/wp\/v2\/posts\/4242"}],"collection":[{"href":"https:\/\/blogsaverroes.juntadeandalucia.es\/plurilinguismodelegacionmalaga\/wp-json\/wp\/v2\/posts"}],"about":[{"href":"https:\/\/blogsaverroes.juntadeandalucia.es\/plurilinguismodelegacionmalaga\/wp-json\/wp\/v2\/types\/post"}],"author":[{"embeddable":true,"href":"https:\/\/blogsaverroes.juntadeandalucia.es\/plurilinguismodelegacionmalaga\/wp-json\/wp\/v2\/users\/1124"}],"replies":[{"embeddable":true,"href":"https:\/\/blogsaverroes.juntadeandalucia.es\/plurilinguismodelegacionmalaga\/wp-json\/wp\/v2\/comments?post=4242"}],"version-history":[{"count":0,"href":"https:\/\/blogsaverroes.juntadeandalucia.es\/plurilinguismodelegacionmalaga\/wp-json\/wp\/v2\/posts\/4242\/revisions"}],"wp:attachment":[{"href":"https:\/\/blogsaverroes.juntadeandalucia.es\/plurilinguismodelegacionmalaga\/wp-json\/wp\/v2\/media?parent=4242"}],"wp:term":[{"taxonomy":"category","embeddable":true,"href":"https:\/\/blogsaverroes.juntadeandalucia.es\/plurilinguismodelegacionmalaga\/wp-json\/wp\/v2\/categories?post=4242"},{"taxonomy":"post_tag","embeddable":true,"href":"https:\/\/blogsaverroes.juntadeandalucia.es\/plurilinguismodelegacionmalaga\/wp-json\/wp\/v2\/tags?post=4242"}],"curies":[{"name":"wp","href":"https:\/\/api.w.org\/{rel}","templated":true}]}}