{"id":4252,"date":"2013-09-12T08:32:40","date_gmt":"2013-09-12T07:32:40","guid":{"rendered":"http:\/\/www.educacionenmalaga.es\/bilinguismo\/?p=4252"},"modified":"2013-09-12T08:32:40","modified_gmt":"2013-09-12T07:32:40","slug":"convocatoria-de-estancias-de-inmersion-linguistica","status":"publish","type":"post","link":"https:\/\/blogsaverroes.juntadeandalucia.es\/plurilinguismodelegacionmalaga\/2013\/09\/12\/convocatoria-de-estancias-de-inmersion-linguistica\/","title":{"rendered":"Resoluci\u00f3n de 3 de septiembre que convoca estancias de inmersi\u00f3n ling\u00fc\u00edstica"},"content":{"rendered":"<p style=\"text-align: justify\"><a href=\"http:\/\/www.educacionenmalaga.es\/bilinguismo\/2013\/09\/12\/convocatoria-de-estancias-de-inmersion-linguistica\/libros\/\" rel=\"attachment wp-att-4253\"><img loading=\"lazy\" decoding=\"async\" class=\"alignright size-full wp-image-4253\" alt=\"libros\" src=\"https:\/\/blogsaverroes.juntadeandalucia.es\/plurilinguismodelegacionmalaga\/files\/2013\/09\/libros.jpg\" width=\"133\" height=\"75\" srcset=\"https:\/\/blogsaverroes.juntadeandalucia.es\/plurilinguismodelegacionmalaga\/files\/2013\/09\/libros.jpg 133w, https:\/\/blogsaverroes.juntadeandalucia.es\/plurilinguismodelegacionmalaga\/files\/2013\/09\/libros-24x14.jpg 24w, https:\/\/blogsaverroes.juntadeandalucia.es\/plurilinguismodelegacionmalaga\/files\/2013\/09\/libros-36x20.jpg 36w, https:\/\/blogsaverroes.juntadeandalucia.es\/plurilinguismodelegacionmalaga\/files\/2013\/09\/libros-48x27.jpg 48w\" sizes=\"(max-width: 133px) 100vw, 133px\" \/><\/a>Se ha publicado la Resoluci\u00f3n de 3 de septiembre de 2013, de la Direcci\u00f3n General de Innovaci\u00f3n Educativa y Formaci\u00f3n del Profesorado, por la que se convocan plazas para realizar estancias de inmersi\u00f3n ling\u00fc\u00edstica para el profesorado con destino en centros p\u00fablicos biling\u00fces.<\/p>\n<p style=\"text-align: justify\">Puede consultar aqu\u00ed la <a href=\"http:\/\/www.educacionenmalaga.es\/bilinguismo\/2013\/09\/12\/convocatoria-de-estancias-de-inmersion-linguistica\/convocatoria\/\" rel=\"attachment wp-att-4255\">Convocatoria.<\/a><\/p>\n<p style=\"text-align: justify\">Enlace para cumplimentar la <a href=\"http:\/\/www.juntadeandalucia.es\/educacion\/vscripts\/dgpie\/pei\/pil\/login.asp\">solicitud<\/a>.<\/p>\n","protected":false},"excerpt":{"rendered":"<p>Se ha publicado la Resoluci\u00f3n de 3 de septiembre de 2013, de la Direcci\u00f3n General de Innovaci\u00f3n Educativa y Formaci\u00f3n del Profesorado, por la que se convocan plazas para realizar estancias de inmersi\u00f3n ling\u00fc\u00edstica&#46;&#46;&#46;<\/p>\n","protected":false},"author":1124,"featured_media":0,"comment_status":"open","ping_status":"open","sticky":false,"template":"","format":"standard","meta":{"ngg_post_thumbnail":0,"footnotes":""},"categories":[5,526],"tags":[],"aioseo_notices":[],"_links":{"self":[{"href":"https:\/\/blogsaverroes.juntadeandalucia.es\/plurilinguismodelegacionmalaga\/wp-json\/wp\/v2\/posts\/4252"}],"collection":[{"href":"https:\/\/blogsaverroes.juntadeandalucia.es\/plurilinguismodelegacionmalaga\/wp-json\/wp\/v2\/posts"}],"about":[{"href":"https:\/\/blogsaverroes.juntadeandalucia.es\/plurilinguismodelegacionmalaga\/wp-json\/wp\/v2\/types\/post"}],"author":[{"embeddable":true,"href":"https:\/\/blogsaverroes.juntadeandalucia.es\/plurilinguismodelegacionmalaga\/wp-json\/wp\/v2\/users\/1124"}],"replies":[{"embeddable":true,"href":"https:\/\/blogsaverroes.juntadeandalucia.es\/plurilinguismodelegacionmalaga\/wp-json\/wp\/v2\/comments?post=4252"}],"version-history":[{"count":0,"href":"https:\/\/blogsaverroes.juntadeandalucia.es\/plurilinguismodelegacionmalaga\/wp-json\/wp\/v2\/posts\/4252\/revisions"}],"wp:attachment":[{"href":"https:\/\/blogsaverroes.juntadeandalucia.es\/plurilinguismodelegacionmalaga\/wp-json\/wp\/v2\/media?parent=4252"}],"wp:term":[{"taxonomy":"category","embeddable":true,"href":"https:\/\/blogsaverroes.juntadeandalucia.es\/plurilinguismodelegacionmalaga\/wp-json\/wp\/v2\/categories?post=4252"},{"taxonomy":"post_tag","embeddable":true,"href":"https:\/\/blogsaverroes.juntadeandalucia.es\/plurilinguismodelegacionmalaga\/wp-json\/wp\/v2\/tags?post=4252"}],"curies":[{"name":"wp","href":"https:\/\/api.w.org\/{rel}","templated":true}]}}