{"id":4316,"date":"2013-10-10T19:09:20","date_gmt":"2013-10-10T18:09:20","guid":{"rendered":"http:\/\/www.educacionenmalaga.es\/bilinguismo\/?p=4316"},"modified":"2013-10-10T19:09:20","modified_gmt":"2013-10-10T18:09:20","slug":"educacion-acoge-a-los-auxiliares-linguisticos-que-prestaran-servicio-en-centros-docentes-malaguenos","status":"publish","type":"post","link":"https:\/\/blogsaverroes.juntadeandalucia.es\/plurilinguismodelegacionmalaga\/2013\/10\/10\/educacion-acoge-a-los-auxiliares-linguisticos-que-prestaran-servicio-en-centros-docentes-malaguenos\/","title":{"rendered":"Educaci\u00f3n acoge a los auxiliares de conversaci\u00f3n que prestar\u00e1n servicio en centros docentes malague\u00f1os"},"content":{"rendered":"<p style=\"text-align: justify\"><a href=\"http:\/\/www.educacionenmalaga.es\/public\/2013\/10\/auxiliares.jpg\"><img loading=\"lazy\" decoding=\"async\" class=\"alignleft size-medium wp-image-18711\" alt=\"auxiliares\" src=\"http:\/\/www.educacionenmalaga.es\/public\/2013\/10\/auxiliares-300x200.jpg\" width=\"300\" height=\"200\" \/><\/a><strong>Proceden de diversos pa\u00edses europeos, as\u00ed como de Estados Unidos, Nueva Zelanda, Canad\u00e1, Australia y China<\/strong><\/p>\n<p style=\"text-align: justify\">La delegaci\u00f3n territorial de Educaci\u00f3n, Cultura y Deporte de M\u00e1laga celebr\u00f3 el pasado 3 de octubre una jornada de acogida a los auxiliares ling\u00fc\u00edsticos que van a prestar servicio en centros docentes malague\u00f1os tanto en colegios e institutos biling\u00fces como en las Escuelas Oficiales de Idiomas.<\/p>\n<p style=\"text-align: justify\">La Jornada ha estado presidida por el director general de director general de Innovaci\u00f3n Educativa y Formaci\u00f3n del Profesorado de la Junta, Pedro Benzal, y la delegada territorial de Educaci\u00f3n, Cultura y Deporte, Patricia Alba.<\/p>\n<p style=\"text-align: justify\">Los responsables de la Consejer\u00eda de Educaci\u00f3n, Cultura y Deporte han destacado \u201cel papel fundamental de los auxiliares de conversaci\u00f3n en los 137 centros biling\u00fces de nuestra provincia en los que se imparten ense\u00f1anzas biling\u00fces as\u00ed como en las cinco Escuelas Oficiales de Idiomas\u201d.<\/p>\n<p style=\"text-align: justify\">Tambi\u00e9n han se\u00f1aladon que \u201clos auxiliares de conversaci\u00f3n aportan no s\u00f3lo conocimientos ling\u00fc\u00edsticos sino que tambi\u00e9n dan a conocer las costumbres de sus respectivos pa\u00edses, integr\u00e1ndose en el ambiente intercultural que de forma natural ya est\u00e1 presente en nuestros centros educativos\u201d.<\/p>\n<p><a href=\"http:\/\/www.educacionenmalaga.es\/public\/2013\/10\/IMG_6702.jpg\"><img loading=\"lazy\" decoding=\"async\" class=\"size-medium wp-image-18712 alignright\" alt=\"IMG_6702\" src=\"http:\/\/www.educacionenmalaga.es\/public\/2013\/10\/IMG_6702-300x200.jpg\" width=\"300\" height=\"200\" \/><\/a>En la provincia de M\u00e1laga 137 centros educativos p\u00fablicos ofrecen este curso escolar ense\u00f1anzas biling\u00fces que siguen m\u00e1s de 43.000 estudiantes. Este a\u00f1o se han incorporado al programa los C.E.I.P. Los Olivares de Moclinejo, Los Morales de M\u00e1laga y Mar Argentea de Torremolinos, as\u00ed como el I.E.S. Mayorazgo tambi\u00e9n de la capital.<\/p>\n<p style=\"text-align: justify\">Como novedad, el IES C\u00e1novas del Castillo ofrece la posibilidad de finalizar los estudios consiguiendo una doble titulaci\u00f3n: la del Bachillerato espa\u00f1ol y la del Baccalaur\u00e9at franc\u00e9s, en virtud del programa Bachibac.<\/p>\n<p style=\"text-align: justify\">Por otra parte, este curso escolar el Programa experimental de lengua china se podr\u00e1 cursar en los IES Juan Ram\u00f3n Jim\u00e9nez de M\u00e1laga y Huerta Alta de Alhaur\u00edn de la Torre y los IES Christine Picasso y Valle del Azahar de Estaci\u00f3n de C\u00e1rtama impartir\u00e1n portugu\u00e9s como segunda lengua extranjera.<\/p>\n<p style=\"text-align: justify\">\n","protected":false},"excerpt":{"rendered":"<p>Proceden de diversos pa\u00edses europeos, as\u00ed como de Estados Unidos, Nueva Zelanda, Canad\u00e1, Australia y China La delegaci\u00f3n territorial de Educaci\u00f3n, Cultura y Deporte de M\u00e1laga celebr\u00f3 el pasado 3 de octubre una jornada&#46;&#46;&#46;<\/p>\n","protected":false},"author":1124,"featured_media":0,"comment_status":"open","ping_status":"open","sticky":false,"template":"","format":"standard","meta":{"ngg_post_thumbnail":0,"footnotes":""},"categories":[21042],"tags":[],"aioseo_notices":[],"_links":{"self":[{"href":"https:\/\/blogsaverroes.juntadeandalucia.es\/plurilinguismodelegacionmalaga\/wp-json\/wp\/v2\/posts\/4316"}],"collection":[{"href":"https:\/\/blogsaverroes.juntadeandalucia.es\/plurilinguismodelegacionmalaga\/wp-json\/wp\/v2\/posts"}],"about":[{"href":"https:\/\/blogsaverroes.juntadeandalucia.es\/plurilinguismodelegacionmalaga\/wp-json\/wp\/v2\/types\/post"}],"author":[{"embeddable":true,"href":"https:\/\/blogsaverroes.juntadeandalucia.es\/plurilinguismodelegacionmalaga\/wp-json\/wp\/v2\/users\/1124"}],"replies":[{"embeddable":true,"href":"https:\/\/blogsaverroes.juntadeandalucia.es\/plurilinguismodelegacionmalaga\/wp-json\/wp\/v2\/comments?post=4316"}],"version-history":[{"count":0,"href":"https:\/\/blogsaverroes.juntadeandalucia.es\/plurilinguismodelegacionmalaga\/wp-json\/wp\/v2\/posts\/4316\/revisions"}],"wp:attachment":[{"href":"https:\/\/blogsaverroes.juntadeandalucia.es\/plurilinguismodelegacionmalaga\/wp-json\/wp\/v2\/media?parent=4316"}],"wp:term":[{"taxonomy":"category","embeddable":true,"href":"https:\/\/blogsaverroes.juntadeandalucia.es\/plurilinguismodelegacionmalaga\/wp-json\/wp\/v2\/categories?post=4316"},{"taxonomy":"post_tag","embeddable":true,"href":"https:\/\/blogsaverroes.juntadeandalucia.es\/plurilinguismodelegacionmalaga\/wp-json\/wp\/v2\/tags?post=4316"}],"curies":[{"name":"wp","href":"https:\/\/api.w.org\/{rel}","templated":true}]}}