{"id":4659,"date":"2013-12-20T08:15:04","date_gmt":"2013-12-20T07:15:04","guid":{"rendered":"http:\/\/www.educacionenmalaga.es\/bilinguismo\/?p=4659"},"modified":"2013-12-20T08:15:04","modified_gmt":"2013-12-20T07:15:04","slug":"ambito-del-cep-malaga-abierto-plazo-de-inscripcion-para-el-curso-encuentros-de-coordinadores-de-centros-bilingues","status":"publish","type":"post","link":"https:\/\/blogsaverroes.juntadeandalucia.es\/plurilinguismodelegacionmalaga\/2013\/12\/20\/ambito-del-cep-malaga-abierto-plazo-de-inscripcion-para-el-curso-encuentros-de-coordinadores-de-centros-bilingues\/","title":{"rendered":"\u00c1mbito del CEP M\u00e1laga: abierto plazo de inscripci\u00f3n para el curso &#8220;Encuentros de coordinadores de centros biling\u00fces&#8221;"},"content":{"rendered":"<p style=\"text-align: justify\">El CEP de M\u00e1laga ha abierto el plazo de inscripci\u00f3n para el curso con seguimiento <em>Encuentros de coordinadores de centros biling\u00fces: compartiendo la pr\u00e1tica,<\/em> 142922GE065.<\/p>\n<p style=\"text-align: justify\">Destinatarios: Coordinador o coordinadora Centros Biling\u00fces p\u00fablicos del \u00e1mbito del CEP de M\u00e1laga.<\/p>\n<p style=\"text-align: justify\">Los objetivos de la actividad son dar respuesta a una necesidad surgida de los responsables de la Coordinaci\u00f3n en los centros biling\u00fces, ofrecer tiempos y espacios para compartir y revisar las pr\u00e1cticas educativas que se est\u00e1n llevando a cabo en estos centros, proponer din\u00e1micas que promuevan un estudio guiado y reflexivo sobre aspectos, metodolog\u00edas o actuaciones frecuentes en centros pertenecientes al Programa. Se pretende la orientaci\u00f3n a la calidad desde la reflexi\u00f3n sobre las propias pr\u00e1cticas llevadas a cabo en el centro en el cual se ejerce la Coordinaci\u00f3n y el contraste con otras realidades o diferentes teor\u00edas.<\/p>\n<p style=\"text-align: justify\">Lugar: CEP M\u00e1laga.<br \/>\nPlazo de inscripci\u00f3n: 18 del diciembre al 12 de enero.<\/p>\n<p style=\"text-align: justify\">Duraci\u00f3n: 20 HORAS: 9 Presenciales + 11 No presenciales.<br \/>\nIMPORTANTE. Requisitos: Al realizar la solicitud, los solicitantes deben asegurarse de estar registrados en el <a href=\"http:\/\/www.cepmalaga.com\/aulavirtual\/login\/signup.php?\">aula virtual<\/a> del CEP. De no ser as\u00ed, deben registrarse antes del d\u00eda 12 de Enero.<br \/>\nPara m\u00e1s informaci\u00f3n e inscripci\u00f3n pinche <a href=\"http:\/\/www.cepmalaga.com\/index.php\/formacion-inscripciones-consultas\/actividades-informacion-e-inscripcion\">aqu\u00ed<\/a>.<\/p>\n","protected":false},"excerpt":{"rendered":"<p>El CEP de M\u00e1laga ha abierto el plazo de inscripci\u00f3n para el curso con seguimiento Encuentros de coordinadores de centros biling\u00fces: compartiendo la pr\u00e1tica, 142922GE065. Destinatarios: Coordinador o coordinadora Centros Biling\u00fces p\u00fablicos del \u00e1mbito&#46;&#46;&#46;<\/p>\n","protected":false},"author":1124,"featured_media":0,"comment_status":"open","ping_status":"open","sticky":false,"template":"","format":"standard","meta":{"ngg_post_thumbnail":0,"footnotes":""},"categories":[2284639],"tags":[],"aioseo_notices":[],"_links":{"self":[{"href":"https:\/\/blogsaverroes.juntadeandalucia.es\/plurilinguismodelegacionmalaga\/wp-json\/wp\/v2\/posts\/4659"}],"collection":[{"href":"https:\/\/blogsaverroes.juntadeandalucia.es\/plurilinguismodelegacionmalaga\/wp-json\/wp\/v2\/posts"}],"about":[{"href":"https:\/\/blogsaverroes.juntadeandalucia.es\/plurilinguismodelegacionmalaga\/wp-json\/wp\/v2\/types\/post"}],"author":[{"embeddable":true,"href":"https:\/\/blogsaverroes.juntadeandalucia.es\/plurilinguismodelegacionmalaga\/wp-json\/wp\/v2\/users\/1124"}],"replies":[{"embeddable":true,"href":"https:\/\/blogsaverroes.juntadeandalucia.es\/plurilinguismodelegacionmalaga\/wp-json\/wp\/v2\/comments?post=4659"}],"version-history":[{"count":0,"href":"https:\/\/blogsaverroes.juntadeandalucia.es\/plurilinguismodelegacionmalaga\/wp-json\/wp\/v2\/posts\/4659\/revisions"}],"wp:attachment":[{"href":"https:\/\/blogsaverroes.juntadeandalucia.es\/plurilinguismodelegacionmalaga\/wp-json\/wp\/v2\/media?parent=4659"}],"wp:term":[{"taxonomy":"category","embeddable":true,"href":"https:\/\/blogsaverroes.juntadeandalucia.es\/plurilinguismodelegacionmalaga\/wp-json\/wp\/v2\/categories?post=4659"},{"taxonomy":"post_tag","embeddable":true,"href":"https:\/\/blogsaverroes.juntadeandalucia.es\/plurilinguismodelegacionmalaga\/wp-json\/wp\/v2\/tags?post=4659"}],"curies":[{"name":"wp","href":"https:\/\/api.w.org\/{rel}","templated":true}]}}