{"id":4729,"date":"2014-01-17T11:51:34","date_gmt":"2014-01-17T10:51:34","guid":{"rendered":"http:\/\/www.educacionenmalaga.es\/bilinguismo\/?p=4729"},"modified":"2014-01-17T11:51:34","modified_gmt":"2014-01-17T10:51:34","slug":"convocatoria-de-unados-becas-para-los-institutos-de-verano-benjamin-franklin-en-eeuu","status":"publish","type":"post","link":"https:\/\/blogsaverroes.juntadeandalucia.es\/plurilinguismodelegacionmalaga\/2014\/01\/17\/convocatoria-de-unados-becas-para-los-institutos-de-verano-benjamin-franklin-en-eeuu\/","title":{"rendered":"Convocatoria de una\/dos becas para los Institutos de Verano Benjamin Franklin en EEUU"},"content":{"rendered":"<p style=\"text-align: justify\"><a href=\"https:\/\/blogsaverroes.juntadeandalucia.es\/plurilinguismodelegacionmalaga\/files\/2014\/01\/eeuu.jpg\"><img loading=\"lazy\" decoding=\"async\" class=\"alignleft size-full wp-image-4730\" alt=\"eeuu\" src=\"https:\/\/blogsaverroes.juntadeandalucia.es\/plurilinguismodelegacionmalaga\/files\/2014\/01\/eeuu.jpg\" width=\"140\" height=\"81\" srcset=\"https:\/\/blogsaverroes.juntadeandalucia.es\/plurilinguismodelegacionmalaga\/files\/2014\/01\/eeuu.jpg 140w, https:\/\/blogsaverroes.juntadeandalucia.es\/plurilinguismodelegacionmalaga\/files\/2014\/01\/eeuu-24x14.jpg 24w, https:\/\/blogsaverroes.juntadeandalucia.es\/plurilinguismodelegacionmalaga\/files\/2014\/01\/eeuu-36x21.jpg 36w, https:\/\/blogsaverroes.juntadeandalucia.es\/plurilinguismodelegacionmalaga\/files\/2014\/01\/eeuu-48x28.jpg 48w\" sizes=\"(max-width: 140px) 100vw, 140px\" \/><\/a>La Embajada de los Estados Unidos en Espa\u00f1a selecciona uno o dos estudiantes espa\u00f1oles, andorranos o residentes en Espa\u00f1a o Andorra, para participar en los Institutos de Verano Benjamin Franklin, un programa financiado por el Departamento de Estado de los Estados Unidos para promover las relaciones entre las j\u00f3venes generaciones de europeos, asi\u00e1ticos y norteamericanos, y cuya convocatoria permanecer\u00e1 abierta hasta las 18:00 horas del 28 de febrero. Est\u00e1 destinada a jovenes entre 16 y 18 a\u00f1os.<\/p>\n<p style=\"text-align: justify\">Puede consultar la Convocatoria <a href=\"http:\/\/spanish.madrid.usembassy.gov\/es\/educacion\/franklin2014.html\">aqu\u00ed<\/a>.<\/p>\n","protected":false},"excerpt":{"rendered":"<p>La Embajada de los Estados Unidos en Espa\u00f1a selecciona uno o dos estudiantes espa\u00f1oles, andorranos o residentes en Espa\u00f1a o Andorra, para participar en los Institutos de Verano Benjamin Franklin, un programa financiado por&#46;&#46;&#46;<\/p>\n","protected":false},"author":1124,"featured_media":0,"comment_status":"open","ping_status":"open","sticky":false,"template":"","format":"standard","meta":{"ngg_post_thumbnail":0,"footnotes":""},"categories":[2284639],"tags":[],"aioseo_notices":[],"_links":{"self":[{"href":"https:\/\/blogsaverroes.juntadeandalucia.es\/plurilinguismodelegacionmalaga\/wp-json\/wp\/v2\/posts\/4729"}],"collection":[{"href":"https:\/\/blogsaverroes.juntadeandalucia.es\/plurilinguismodelegacionmalaga\/wp-json\/wp\/v2\/posts"}],"about":[{"href":"https:\/\/blogsaverroes.juntadeandalucia.es\/plurilinguismodelegacionmalaga\/wp-json\/wp\/v2\/types\/post"}],"author":[{"embeddable":true,"href":"https:\/\/blogsaverroes.juntadeandalucia.es\/plurilinguismodelegacionmalaga\/wp-json\/wp\/v2\/users\/1124"}],"replies":[{"embeddable":true,"href":"https:\/\/blogsaverroes.juntadeandalucia.es\/plurilinguismodelegacionmalaga\/wp-json\/wp\/v2\/comments?post=4729"}],"version-history":[{"count":0,"href":"https:\/\/blogsaverroes.juntadeandalucia.es\/plurilinguismodelegacionmalaga\/wp-json\/wp\/v2\/posts\/4729\/revisions"}],"wp:attachment":[{"href":"https:\/\/blogsaverroes.juntadeandalucia.es\/plurilinguismodelegacionmalaga\/wp-json\/wp\/v2\/media?parent=4729"}],"wp:term":[{"taxonomy":"category","embeddable":true,"href":"https:\/\/blogsaverroes.juntadeandalucia.es\/plurilinguismodelegacionmalaga\/wp-json\/wp\/v2\/categories?post=4729"},{"taxonomy":"post_tag","embeddable":true,"href":"https:\/\/blogsaverroes.juntadeandalucia.es\/plurilinguismodelegacionmalaga\/wp-json\/wp\/v2\/tags?post=4729"}],"curies":[{"name":"wp","href":"https:\/\/api.w.org\/{rel}","templated":true}]}}