{"id":4759,"date":"2014-01-22T09:36:57","date_gmt":"2014-01-22T08:36:57","guid":{"rendered":"http:\/\/www.educacionenmalaga.es\/bilinguismo\/?p=4759"},"modified":"2014-01-22T09:36:57","modified_gmt":"2014-01-22T08:36:57","slug":"curso-a-distancia-organizacion-y-funcionamiento-de-un-centro-bilingueplurilingue-importancia-de-la-coordinacion","status":"publish","type":"post","link":"https:\/\/blogsaverroes.juntadeandalucia.es\/plurilinguismodelegacionmalaga\/2014\/01\/22\/curso-a-distancia-organizacion-y-funcionamiento-de-un-centro-bilingueplurilingue-importancia-de-la-coordinacion\/","title":{"rendered":"Curso a distancia: &#8220;Organizaci\u00f3n y funcionamiento de un centro biling\u00fce\/pluriling\u00fce: Importancia de la coordinaci\u00f3n&#8221;"},"content":{"rendered":"<p style=\"text-align: justify\">Est\u00e1 abierta la inscripci\u00f3n del Curso a distancia de \u00e1mbito regional: &#8220;Organizaci\u00f3n y funcionamiento de un centro biling\u00fce\/pluriling\u00fce: Importancia de la coordinaci\u00f3n&#8221;, dirigido a los coordinadores de centros biling\u00fces p\u00fablicos, tanto noveles como en ejercicio.<br \/>\nLugar de realizaci\u00f3n: Aula Virtual de Formaci\u00f3n del Profesorado http:\/\/educacionadistancia.juntadeandalucia.es\/profesorado\/.<br \/>\nSe desarrollar\u00e1 del 3 de febrero al 17 de marzo y se certificar\u00e1n un total de 30 horas. CEP responsable: CEP de la Axarqu\u00eda.<\/p>\n<p style=\"text-align: justify\"><!--more-->Este curso facilitar\u00e1 la formaci\u00f3n de la coordinaci\u00f3n biling\u00fce a trav\u00e9s de la reflexi\u00f3n de sus pr\u00e1cticas, ayudar\u00e1 a manejar la normativa que compete a centros biling\u00fces y pluriling\u00fces y a organizar las tareas propias de los procesos de coordinaci\u00f3n con equipos docentes. El an\u00e1lisis y la reflexi\u00f3n, a trav\u00e9s de los instrumentos que se proponen, ser\u00e1 una constante que propiciar\u00e1 el desarrollo profesional de los participantes. cuenta con cuatro m\u00f3dulos:<br \/>\nM\u00f3dulo I: Introducci\u00f3n<br \/>\nM\u00f3dulo II: \u00bfDe d\u00f3nde partimos? Analizando nuestro contexto M\u00f3dulo III: \u00bfConocemos nuestras posibilidades y recursos? Reflexionando sobre la coordinaci\u00f3n<br \/>\nM\u00f3dulo IV: \u00bfC\u00f3mo podemos avanzar? Planificando mejoras<\/p>\n<p style=\"text-align: justify\">Los contenidos de estos m\u00f3dulos ser\u00e1n:<br \/>\n\u00b7 Coordinaci\u00f3n biling\u00fce: sus funciones<br \/>\n\u00b7 Normativa del Programa de Centros Biling\u00fces y Pluriling\u00fces y tareas burocr\u00e1ticas y de gesti\u00f3n a trav\u00e9s de S\u00e9neca<br \/>\n\u00b7Manejo de conceptos de liderazgo educativo y de trabajo en equipos docentes: sus caracter\u00edsticas y competencias<br \/>\n\u00b7 Instrumentos de an\u00e1lisis de pr\u00e1cticas de coordinaci\u00f3n<br \/>\n\u00b7 An\u00e1lisis de las diferentes situaciones de coordinaci\u00f3n que se originan en un centro biling\u00fce<br \/>\n\u00b7 Optimizaci\u00f3n de la organizaci\u00f3n del recurso del auxiliar ling\u00fc\u00edstico<br \/>\n\u00b7 Planificaci\u00f3n de acciones, evaluaci\u00f3n y elementos de mejora relacionados con el Programa biling\u00fce<\/p>\n<p style=\"text-align: justify\">Para m\u00e1s informaci\u00f3n e inscripci\u00f3n, pinche <a href=\"https:\/\/portalseneca.ced.junta-andalucia.es\/educacion\/portalseneca\/web\/cep\/consulta-actividades-formativas\">aqu\u00ed<\/a>.<\/p>\n","protected":false},"excerpt":{"rendered":"<p>Est\u00e1 abierta la inscripci\u00f3n del Curso a distancia de \u00e1mbito regional: &#8220;Organizaci\u00f3n y funcionamiento de un centro biling\u00fce\/pluriling\u00fce: Importancia de la coordinaci\u00f3n&#8221;, dirigido a los coordinadores de centros biling\u00fces p\u00fablicos, tanto noveles como en&#46;&#46;&#46;<\/p>\n","protected":false},"author":1124,"featured_media":0,"comment_status":"open","ping_status":"open","sticky":false,"template":"","format":"standard","meta":{"ngg_post_thumbnail":0,"footnotes":""},"categories":[2284639],"tags":[],"aioseo_notices":[],"_links":{"self":[{"href":"https:\/\/blogsaverroes.juntadeandalucia.es\/plurilinguismodelegacionmalaga\/wp-json\/wp\/v2\/posts\/4759"}],"collection":[{"href":"https:\/\/blogsaverroes.juntadeandalucia.es\/plurilinguismodelegacionmalaga\/wp-json\/wp\/v2\/posts"}],"about":[{"href":"https:\/\/blogsaverroes.juntadeandalucia.es\/plurilinguismodelegacionmalaga\/wp-json\/wp\/v2\/types\/post"}],"author":[{"embeddable":true,"href":"https:\/\/blogsaverroes.juntadeandalucia.es\/plurilinguismodelegacionmalaga\/wp-json\/wp\/v2\/users\/1124"}],"replies":[{"embeddable":true,"href":"https:\/\/blogsaverroes.juntadeandalucia.es\/plurilinguismodelegacionmalaga\/wp-json\/wp\/v2\/comments?post=4759"}],"version-history":[{"count":0,"href":"https:\/\/blogsaverroes.juntadeandalucia.es\/plurilinguismodelegacionmalaga\/wp-json\/wp\/v2\/posts\/4759\/revisions"}],"wp:attachment":[{"href":"https:\/\/blogsaverroes.juntadeandalucia.es\/plurilinguismodelegacionmalaga\/wp-json\/wp\/v2\/media?parent=4759"}],"wp:term":[{"taxonomy":"category","embeddable":true,"href":"https:\/\/blogsaverroes.juntadeandalucia.es\/plurilinguismodelegacionmalaga\/wp-json\/wp\/v2\/categories?post=4759"},{"taxonomy":"post_tag","embeddable":true,"href":"https:\/\/blogsaverroes.juntadeandalucia.es\/plurilinguismodelegacionmalaga\/wp-json\/wp\/v2\/tags?post=4759"}],"curies":[{"name":"wp","href":"https:\/\/api.w.org\/{rel}","templated":true}]}}