{"id":4780,"date":"2014-02-03T09:35:42","date_gmt":"2014-02-03T08:35:42","guid":{"rendered":"http:\/\/www.educacionenmalaga.es\/bilinguismo\/?p=4780"},"modified":"2014-02-03T09:35:42","modified_gmt":"2014-02-03T08:35:42","slug":"concurso-generation-bilingue-2014","status":"publish","type":"post","link":"https:\/\/blogsaverroes.juntadeandalucia.es\/plurilinguismodelegacionmalaga\/2014\/02\/03\/concurso-generation-bilingue-2014\/","title":{"rendered":"Concurso G\u00e9n\u00e9ration Bilingue 2014"},"content":{"rendered":"<p style=\"text-align: justify\">Los centros biling\u00fces de franc\u00e9s de secundaria podr\u00e1n participar en el concurso &#8220;G\u00e9n\u00e9ration bilingue&#8221;. Es un concurso en el que el alumnado de los centros biling\u00fces de franc\u00e9s, en grupos de 2, de entre 16 y 18 a\u00f1os, deben elaborar un audio o v\u00eddeo sobre el tema: &#8220;ser alumno de una secci\u00f3n biling\u00fce&#8221; . El material debe ser enviado antes del 28 de febrero y el premio es un viaje a Francia de 10 d\u00edas de duraci\u00f3n en julio 2014 con los gastos de transporte, alojamiento, comida y formaci\u00f3n sufragados por el Institut Fran\u00e7ais.<\/p>\n<p style=\"text-align: justify\">Para saber m\u00e1s: <a href=\"https:\/\/blogsaverroes.juntadeandalucia.es\/plurilinguismodelegacionmalaga\/files\/2014\/02\/GENERATION-BILINGUE-2014-2-1.pdf\">GENERATION BILINGUE 2014-2-1<\/a>.<\/p>\n","protected":false},"excerpt":{"rendered":"<p>Los centros biling\u00fces de franc\u00e9s de secundaria podr\u00e1n participar en el concurso &#8220;G\u00e9n\u00e9ration bilingue&#8221;. Es un concurso en el que el alumnado de los centros biling\u00fces de franc\u00e9s, en grupos de 2, de entre&#46;&#46;&#46;<\/p>\n","protected":false},"author":1124,"featured_media":0,"comment_status":"open","ping_status":"open","sticky":false,"template":"","format":"standard","meta":{"ngg_post_thumbnail":0,"footnotes":""},"categories":[2284639],"tags":[],"aioseo_notices":[],"_links":{"self":[{"href":"https:\/\/blogsaverroes.juntadeandalucia.es\/plurilinguismodelegacionmalaga\/wp-json\/wp\/v2\/posts\/4780"}],"collection":[{"href":"https:\/\/blogsaverroes.juntadeandalucia.es\/plurilinguismodelegacionmalaga\/wp-json\/wp\/v2\/posts"}],"about":[{"href":"https:\/\/blogsaverroes.juntadeandalucia.es\/plurilinguismodelegacionmalaga\/wp-json\/wp\/v2\/types\/post"}],"author":[{"embeddable":true,"href":"https:\/\/blogsaverroes.juntadeandalucia.es\/plurilinguismodelegacionmalaga\/wp-json\/wp\/v2\/users\/1124"}],"replies":[{"embeddable":true,"href":"https:\/\/blogsaverroes.juntadeandalucia.es\/plurilinguismodelegacionmalaga\/wp-json\/wp\/v2\/comments?post=4780"}],"version-history":[{"count":0,"href":"https:\/\/blogsaverroes.juntadeandalucia.es\/plurilinguismodelegacionmalaga\/wp-json\/wp\/v2\/posts\/4780\/revisions"}],"wp:attachment":[{"href":"https:\/\/blogsaverroes.juntadeandalucia.es\/plurilinguismodelegacionmalaga\/wp-json\/wp\/v2\/media?parent=4780"}],"wp:term":[{"taxonomy":"category","embeddable":true,"href":"https:\/\/blogsaverroes.juntadeandalucia.es\/plurilinguismodelegacionmalaga\/wp-json\/wp\/v2\/categories?post=4780"},{"taxonomy":"post_tag","embeddable":true,"href":"https:\/\/blogsaverroes.juntadeandalucia.es\/plurilinguismodelegacionmalaga\/wp-json\/wp\/v2\/tags?post=4780"}],"curies":[{"name":"wp","href":"https:\/\/api.w.org\/{rel}","templated":true}]}}