{"id":4814,"date":"2014-02-10T14:59:27","date_gmt":"2014-02-10T13:59:27","guid":{"rendered":"http:\/\/www.educacionenmalaga.es\/bilinguismo\/?p=4814"},"modified":"2014-02-10T14:59:27","modified_gmt":"2014-02-10T13:59:27","slug":"convocatoria-de-plazas-auxiliares-de-conversacion-de-espanol-en-el-extranjero","status":"publish","type":"post","link":"https:\/\/blogsaverroes.juntadeandalucia.es\/plurilinguismodelegacionmalaga\/2014\/02\/10\/convocatoria-de-plazas-auxiliares-de-conversacion-de-espanol-en-el-extranjero\/","title":{"rendered":"Convocatoria de plazas auxiliares de conversaci\u00f3n de espa\u00f1ol en el extranjero"},"content":{"rendered":"<p style=\"text-align: justify\"><a href=\"https:\/\/blogsaverroes.juntadeandalucia.es\/plurilinguismodelegacionmalaga\/files\/2014\/02\/auxiliares.jpg\"><img loading=\"lazy\" decoding=\"async\" class=\"alignright size-full wp-image-4815\" alt=\"auxiliares\" src=\"https:\/\/blogsaverroes.juntadeandalucia.es\/plurilinguismodelegacionmalaga\/files\/2014\/02\/auxiliares.jpg\" width=\"98\" height=\"98\" srcset=\"https:\/\/blogsaverroes.juntadeandalucia.es\/plurilinguismodelegacionmalaga\/files\/2014\/02\/auxiliares.jpg 98w, https:\/\/blogsaverroes.juntadeandalucia.es\/plurilinguismodelegacionmalaga\/files\/2014\/02\/auxiliares-24x24.jpg 24w, https:\/\/blogsaverroes.juntadeandalucia.es\/plurilinguismodelegacionmalaga\/files\/2014\/02\/auxiliares-36x36.jpg 36w, https:\/\/blogsaverroes.juntadeandalucia.es\/plurilinguismodelegacionmalaga\/files\/2014\/02\/auxiliares-48x48.jpg 48w\" sizes=\"(max-width: 98px) 100vw, 98px\" \/><\/a>La Secretar\u00eda de Estado de Educaci\u00f3n, Formaci\u00f3n Profesional y Universidades ha publicado la Resoluci\u00f3n de 30 de enero de 2014 por la que se convocan plazas para auxiliares de conversaci\u00f3n de lengua espa\u00f1ola en centros educativos de Alemania, Australia, Austria, B\u00e9lgica, Canad\u00e1, Estados Unidos, Francia, Irlanda, Italia, Malta, Nueva Zelanda y Reino Unido para el curso acad\u00e9mico 2014-2015.<br \/>\nPuede consultar la Resoluci\u00f3n <a href=\"http:\/\/www.boe.es\/boe\/dias\/2014\/02\/05\/pdfs\/BOE-A-2014-1202.pdf\">aqu\u00ed<\/a>.<\/p>\n","protected":false},"excerpt":{"rendered":"<p>La Secretar\u00eda de Estado de Educaci\u00f3n, Formaci\u00f3n Profesional y Universidades ha publicado la Resoluci\u00f3n de 30 de enero de 2014 por la que se convocan plazas para auxiliares de conversaci\u00f3n de lengua espa\u00f1ola en&#46;&#46;&#46;<\/p>\n","protected":false},"author":1124,"featured_media":0,"comment_status":"open","ping_status":"open","sticky":false,"template":"","format":"standard","meta":{"ngg_post_thumbnail":0,"footnotes":""},"categories":[2284639],"tags":[],"aioseo_notices":[],"_links":{"self":[{"href":"https:\/\/blogsaverroes.juntadeandalucia.es\/plurilinguismodelegacionmalaga\/wp-json\/wp\/v2\/posts\/4814"}],"collection":[{"href":"https:\/\/blogsaverroes.juntadeandalucia.es\/plurilinguismodelegacionmalaga\/wp-json\/wp\/v2\/posts"}],"about":[{"href":"https:\/\/blogsaverroes.juntadeandalucia.es\/plurilinguismodelegacionmalaga\/wp-json\/wp\/v2\/types\/post"}],"author":[{"embeddable":true,"href":"https:\/\/blogsaverroes.juntadeandalucia.es\/plurilinguismodelegacionmalaga\/wp-json\/wp\/v2\/users\/1124"}],"replies":[{"embeddable":true,"href":"https:\/\/blogsaverroes.juntadeandalucia.es\/plurilinguismodelegacionmalaga\/wp-json\/wp\/v2\/comments?post=4814"}],"version-history":[{"count":0,"href":"https:\/\/blogsaverroes.juntadeandalucia.es\/plurilinguismodelegacionmalaga\/wp-json\/wp\/v2\/posts\/4814\/revisions"}],"wp:attachment":[{"href":"https:\/\/blogsaverroes.juntadeandalucia.es\/plurilinguismodelegacionmalaga\/wp-json\/wp\/v2\/media?parent=4814"}],"wp:term":[{"taxonomy":"category","embeddable":true,"href":"https:\/\/blogsaverroes.juntadeandalucia.es\/plurilinguismodelegacionmalaga\/wp-json\/wp\/v2\/categories?post=4814"},{"taxonomy":"post_tag","embeddable":true,"href":"https:\/\/blogsaverroes.juntadeandalucia.es\/plurilinguismodelegacionmalaga\/wp-json\/wp\/v2\/tags?post=4814"}],"curies":[{"name":"wp","href":"https:\/\/api.w.org\/{rel}","templated":true}]}}