{"id":4899,"date":"2014-02-25T11:13:13","date_gmt":"2014-02-25T10:13:13","guid":{"rendered":"http:\/\/www.educacionenmalaga.es\/bilinguismo\/?p=4899"},"modified":"2014-02-25T11:13:13","modified_gmt":"2014-02-25T10:13:13","slug":"convocatoria-de-inmersion-linguistica-ingles-para-el-verano-2014","status":"publish","type":"post","link":"https:\/\/blogsaverroes.juntadeandalucia.es\/plurilinguismodelegacionmalaga\/2014\/02\/25\/convocatoria-de-inmersion-linguistica-ingles-para-el-verano-2014\/","title":{"rendered":"Convocatoria de Inmersi\u00f3n Ling\u00fc\u00edstica ingl\u00e9s para el verano 2014"},"content":{"rendered":"<p style=\"text-align: justify\">Se ha publicado la <a href=\"http:\/\/www.boe.es\/boe\/dias\/2014\/02\/25\/pdfs\/BOE-A-2014-2016.pdf\">Resoluci\u00f3n de 10 de febrero de 2014<\/a>, de la Secretar\u00eda de Estado de Educaci\u00f3n, Formaci\u00f3n Profesional y Universidades, por la que se convocan ayudas para participar en un Programa de Inmersi\u00f3n Ling\u00fc\u00edstica en ingl\u00e9s para el verano de 2014.<br \/>\nAlumnado destinatario: 5\u00ba, 6\u00ba y 1\u00ba ESO.<\/p>\n","protected":false},"excerpt":{"rendered":"<p>Se ha publicado la Resoluci\u00f3n de 10 de febrero de 2014, de la Secretar\u00eda de Estado de Educaci\u00f3n, Formaci\u00f3n Profesional y Universidades, por la que se convocan ayudas para participar en un Programa de&#46;&#46;&#46;<\/p>\n","protected":false},"author":1124,"featured_media":0,"comment_status":"open","ping_status":"open","sticky":false,"template":"","format":"standard","meta":{"ngg_post_thumbnail":0,"footnotes":""},"categories":[2284639],"tags":[],"aioseo_notices":[],"_links":{"self":[{"href":"https:\/\/blogsaverroes.juntadeandalucia.es\/plurilinguismodelegacionmalaga\/wp-json\/wp\/v2\/posts\/4899"}],"collection":[{"href":"https:\/\/blogsaverroes.juntadeandalucia.es\/plurilinguismodelegacionmalaga\/wp-json\/wp\/v2\/posts"}],"about":[{"href":"https:\/\/blogsaverroes.juntadeandalucia.es\/plurilinguismodelegacionmalaga\/wp-json\/wp\/v2\/types\/post"}],"author":[{"embeddable":true,"href":"https:\/\/blogsaverroes.juntadeandalucia.es\/plurilinguismodelegacionmalaga\/wp-json\/wp\/v2\/users\/1124"}],"replies":[{"embeddable":true,"href":"https:\/\/blogsaverroes.juntadeandalucia.es\/plurilinguismodelegacionmalaga\/wp-json\/wp\/v2\/comments?post=4899"}],"version-history":[{"count":0,"href":"https:\/\/blogsaverroes.juntadeandalucia.es\/plurilinguismodelegacionmalaga\/wp-json\/wp\/v2\/posts\/4899\/revisions"}],"wp:attachment":[{"href":"https:\/\/blogsaverroes.juntadeandalucia.es\/plurilinguismodelegacionmalaga\/wp-json\/wp\/v2\/media?parent=4899"}],"wp:term":[{"taxonomy":"category","embeddable":true,"href":"https:\/\/blogsaverroes.juntadeandalucia.es\/plurilinguismodelegacionmalaga\/wp-json\/wp\/v2\/categories?post=4899"},{"taxonomy":"post_tag","embeddable":true,"href":"https:\/\/blogsaverroes.juntadeandalucia.es\/plurilinguismodelegacionmalaga\/wp-json\/wp\/v2\/tags?post=4899"}],"curies":[{"name":"wp","href":"https:\/\/api.w.org\/{rel}","templated":true}]}}