{"id":4936,"date":"2014-03-11T14:04:03","date_gmt":"2014-03-11T13:04:03","guid":{"rendered":"http:\/\/www.educacionenmalaga.es\/bilinguismo\/?p=4936"},"modified":"2014-03-11T14:04:03","modified_gmt":"2014-03-11T13:04:03","slug":"inmersion-linguistica-en-ingles","status":"publish","type":"post","link":"https:\/\/blogsaverroes.juntadeandalucia.es\/plurilinguismodelegacionmalaga\/2014\/03\/11\/inmersion-linguistica-en-ingles\/","title":{"rendered":"Inmersi\u00f3n Ling\u00fc\u00edstica en Ingl\u00e9s"},"content":{"rendered":"<p><img loading=\"lazy\" decoding=\"async\" class=\"alignleft\" alt=\"\" src=\"http:\/\/www.iestejina.es\/wp\/wp-content\/uploads\/2014\/02\/camp_ingles.png\" width=\"226\" height=\"181\" \/><\/p>\n<p>Becas para un curso intensivo de inmersi\u00f3n ling\u00fc\u00edstica en ingl\u00e9s, en Espa\u00f1a, destinadas a estudiantes becarios de Bachillerato, Ciclos Formativos de Grado Medio de F.P., Artes Pl\u00e1sticas y Dise\u00f1o, Ense\u00f1anzas Deportivas, Profesionales de M\u00fasica y Danza y de Idiomas 2014.<br \/>\n<span style=\"font-size: 16px;color: #999999\">Plazo desde el 11 de marzo al 2 de abril.<\/span><br \/>\n<a href=\"https:\/\/sede.educacion.gob.es\/catalogo-tramites\/becas-ayudas-subvenciones\/para-estudiar\/idiomas\/curso-intensivo-inmersion-ling-ingles-en-espana\/curso-intensivo-inmersion-ling-ingles-en-espana-2014.html\">Formulario<\/a><\/p>\n","protected":false},"excerpt":{"rendered":"<p>Becas para un curso intensivo de inmersi\u00f3n ling\u00fc\u00edstica en ingl\u00e9s, en Espa\u00f1a, destinadas a estudiantes becarios de Bachillerato, Ciclos Formativos de Grado Medio de F.P., Artes Pl\u00e1sticas y Dise\u00f1o, Ense\u00f1anzas Deportivas, Profesionales de M\u00fasica&#46;&#46;&#46;<\/p>\n","protected":false},"author":1124,"featured_media":0,"comment_status":"open","ping_status":"open","sticky":false,"template":"","format":"standard","meta":{"ngg_post_thumbnail":0,"footnotes":""},"categories":[2284639],"tags":[],"aioseo_notices":[],"_links":{"self":[{"href":"https:\/\/blogsaverroes.juntadeandalucia.es\/plurilinguismodelegacionmalaga\/wp-json\/wp\/v2\/posts\/4936"}],"collection":[{"href":"https:\/\/blogsaverroes.juntadeandalucia.es\/plurilinguismodelegacionmalaga\/wp-json\/wp\/v2\/posts"}],"about":[{"href":"https:\/\/blogsaverroes.juntadeandalucia.es\/plurilinguismodelegacionmalaga\/wp-json\/wp\/v2\/types\/post"}],"author":[{"embeddable":true,"href":"https:\/\/blogsaverroes.juntadeandalucia.es\/plurilinguismodelegacionmalaga\/wp-json\/wp\/v2\/users\/1124"}],"replies":[{"embeddable":true,"href":"https:\/\/blogsaverroes.juntadeandalucia.es\/plurilinguismodelegacionmalaga\/wp-json\/wp\/v2\/comments?post=4936"}],"version-history":[{"count":0,"href":"https:\/\/blogsaverroes.juntadeandalucia.es\/plurilinguismodelegacionmalaga\/wp-json\/wp\/v2\/posts\/4936\/revisions"}],"wp:attachment":[{"href":"https:\/\/blogsaverroes.juntadeandalucia.es\/plurilinguismodelegacionmalaga\/wp-json\/wp\/v2\/media?parent=4936"}],"wp:term":[{"taxonomy":"category","embeddable":true,"href":"https:\/\/blogsaverroes.juntadeandalucia.es\/plurilinguismodelegacionmalaga\/wp-json\/wp\/v2\/categories?post=4936"},{"taxonomy":"post_tag","embeddable":true,"href":"https:\/\/blogsaverroes.juntadeandalucia.es\/plurilinguismodelegacionmalaga\/wp-json\/wp\/v2\/tags?post=4936"}],"curies":[{"name":"wp","href":"https:\/\/api.w.org\/{rel}","templated":true}]}}