{"id":4951,"date":"2014-03-17T13:56:37","date_gmt":"2014-03-17T12:56:37","guid":{"rendered":"http:\/\/www.educacionenmalaga.es\/bilinguismo\/?p=4951"},"modified":"2014-03-17T13:56:37","modified_gmt":"2014-03-17T12:56:37","slug":"4951","status":"publish","type":"post","link":"https:\/\/blogsaverroes.juntadeandalucia.es\/plurilinguismodelegacionmalaga\/2014\/03\/17\/4951\/","title":{"rendered":"Ampliaci\u00f3n del plazo para las KA1"},"content":{"rendered":"<p style=\"text-align: center\"><img loading=\"lazy\" decoding=\"async\" class=\"aligncenter\" alt=\"\" src=\"http:\/\/2.bp.blogspot.com\/-IWL7LyRi25I\/UyNZGolOVRI\/AAAAAAAAAVw\/ila-kFOIWRg\/s1600\/European-Commission.jpg\" width=\"415\" height=\"225\" \/><\/p>\n<p>La Comisi\u00f3n Europea informa de la ampliaci\u00f3n del plazo de presentaci\u00f3n de las<strong> KA1 hasta el lunes 24 de marzo a las 12:00h<\/strong>, tal y como se anuncia en la p\u00e1gina de inicio del OAPEE:<\/p>\n<p><span style=\"color: #ff0000\">COMUNICADO URGENTE DE LA CE: Debido a las dificultades experimentadas por las organizaciones solicitantes en los \u00faltimos d\u00edas y aunque ya no existe ning\u00fan tipo de problema t\u00e9cnico a fecha de hoy, el plazo de presentaci\u00f3n de solicitudes para proyectos de movilidad KA1 del 17 de marzo de 2014, a las 12:00 horas del mediod\u00eda (hora peninsular espa\u00f1ola), se ampl\u00eda hasta el 24 de marzo de 2014, a las 12:00 horas del mediod\u00eda (hora peninsular espa\u00f1ola). Esta ampliaci\u00f3n hace referencia a las siguientes acciones, a saber:<\/span><\/p>\n<p><span style=\"color: #ff0000\">&#8211; KA108 \u2013 Acreditaci\u00f3n para consorcios de movilidad de Educaci\u00f3n Superior.<\/span><\/p>\n<p><span style=\"color: #ff0000\">&#8211; KA101 \u2013 Movilidad para el personal de Educaci\u00f3n Escolar.<\/span><span style=\"color: #ff0000\">\u00a0<\/span><\/p>\n<p><span style=\"color: #ff0000\">&#8211; KA102 \u2013 Movilidad de estudiantes y personal de Formaci\u00f3n Profesional.<\/span><span style=\"color: #ff0000\">\u00a0<\/span><\/p>\n<p><span style=\"color: #ff0000\">&#8211; KA103 \u2013 Movilidad de estudiantes y personal de Educaci\u00f3n Superior.<\/span><span style=\"color: #ff0000\">\u00a0<\/span><\/p>\n<p><span style=\"color: #ff0000\">&#8211; KA104 \u2013 Movilidad de personal de Educaci\u00f3n de Personas Adultas.<\/span><\/p>\n<div><span style=\"color: #ff0000\">\u00a0<\/span><\/div>\n<h3><span style=\"color: #ff0000\">Adem\u00e1s, la CE ha facilitado un correo electr\u00f3nico de contacto al que se pueden remitir consultas, en caso de experimentar alg\u00fan problema en relaci\u00f3n al PIC, URF y<\/span> formularios electr\u00f3nicos:<\/h3>\n<div><a href=\"mailto:EAC-business-helpdesk@ec.europa.eu\" target=\"_blank\" rel=\"noopener noreferrer\">EAC-business-helpdesk@ec.europa.eu<\/a><\/div>\n<div><\/div>\n<div><\/div>\n<div>En el caso de que tenga dificultades t\u00e9cnicas en el proceso de solicitud, le rogamos siga las siguientes instrucciones, seg\u00fan indicaci\u00f3n de la Comisi\u00f3n Europea:<\/div>\n<ol>\n<li>Si ya tiene el n\u00famero PIC registrado, env\u00ede el formulario en l\u00ednea en cualquier caso. No se preocupe si hay alg\u00fan dato modificado en la URF que no aparece en el formulario o si tiene problemas para subir documentos anexos a la URF. Cuando se solucione el problema con URF, sus modificaciones aparecer\u00e1n en nuestra base de datos y podr\u00e1n subir los documentos anexos despu\u00e9s del plazo l\u00edmite de env\u00edo de formularios.<\/li>\n<li>Si a\u00fan no ha obtenido el n\u00famero PIC y la herramienta inform\u00e1tica est\u00e1 generando problemas, por favor, insista repetidamente. La Comisi\u00f3n Europea est\u00e1 tratando de solventar estas dificultades t\u00e9cnicas.<\/li>\n<\/ol>\n<div>Rogamos disculpen estas molestias, ajenas en todo caso a la voluntad del OAPEE.<\/div>\n<p>&nbsp;<\/p>\n","protected":false},"excerpt":{"rendered":"<p>La Comisi\u00f3n Europea informa de la ampliaci\u00f3n del plazo de presentaci\u00f3n de las KA1 hasta el lunes 24 de marzo a las 12:00h, tal y como se anuncia en la p\u00e1gina de inicio del&#46;&#46;&#46;<\/p>\n","protected":false},"author":1124,"featured_media":0,"comment_status":"open","ping_status":"open","sticky":false,"template":"","format":"standard","meta":{"ngg_post_thumbnail":0,"footnotes":""},"categories":[2284639,2134355],"tags":[],"aioseo_notices":[],"_links":{"self":[{"href":"https:\/\/blogsaverroes.juntadeandalucia.es\/plurilinguismodelegacionmalaga\/wp-json\/wp\/v2\/posts\/4951"}],"collection":[{"href":"https:\/\/blogsaverroes.juntadeandalucia.es\/plurilinguismodelegacionmalaga\/wp-json\/wp\/v2\/posts"}],"about":[{"href":"https:\/\/blogsaverroes.juntadeandalucia.es\/plurilinguismodelegacionmalaga\/wp-json\/wp\/v2\/types\/post"}],"author":[{"embeddable":true,"href":"https:\/\/blogsaverroes.juntadeandalucia.es\/plurilinguismodelegacionmalaga\/wp-json\/wp\/v2\/users\/1124"}],"replies":[{"embeddable":true,"href":"https:\/\/blogsaverroes.juntadeandalucia.es\/plurilinguismodelegacionmalaga\/wp-json\/wp\/v2\/comments?post=4951"}],"version-history":[{"count":0,"href":"https:\/\/blogsaverroes.juntadeandalucia.es\/plurilinguismodelegacionmalaga\/wp-json\/wp\/v2\/posts\/4951\/revisions"}],"wp:attachment":[{"href":"https:\/\/blogsaverroes.juntadeandalucia.es\/plurilinguismodelegacionmalaga\/wp-json\/wp\/v2\/media?parent=4951"}],"wp:term":[{"taxonomy":"category","embeddable":true,"href":"https:\/\/blogsaverroes.juntadeandalucia.es\/plurilinguismodelegacionmalaga\/wp-json\/wp\/v2\/categories?post=4951"},{"taxonomy":"post_tag","embeddable":true,"href":"https:\/\/blogsaverroes.juntadeandalucia.es\/plurilinguismodelegacionmalaga\/wp-json\/wp\/v2\/tags?post=4951"}],"curies":[{"name":"wp","href":"https:\/\/api.w.org\/{rel}","templated":true}]}}