{"id":4957,"date":"2014-03-18T11:39:00","date_gmt":"2014-03-18T10:39:00","guid":{"rendered":"http:\/\/www.educacionenmalaga.es\/bilinguismo\/?p=4957"},"modified":"2014-03-18T11:39:00","modified_gmt":"2014-03-18T10:39:00","slug":"curso-sobre-la-ensenanza-del-espanol-para-extranjeros-del-cep-de-la-axarquia","status":"publish","type":"post","link":"https:\/\/blogsaverroes.juntadeandalucia.es\/plurilinguismodelegacionmalaga\/2014\/03\/18\/curso-sobre-la-ensenanza-del-espanol-para-extranjeros-del-cep-de-la-axarquia\/","title":{"rendered":"Curso sobre La Ense\u00f1anza del Espa\u00f1ol para Extranjeros del CEP de la Axarqu\u00eda"},"content":{"rendered":"<p><img loading=\"lazy\" decoding=\"async\" class=\"alignleft\" alt=\"\" src=\"http:\/\/www.educacionenmalaga.es\/valores\/files\/2014\/03\/portada-guia.jpg\" width=\"191\" height=\"191\" \/>Con objeto de conocer la demanda formativa del profesorado, se ha abierto un formulario de petici\u00f3n del Curso sobre la Ense\u00f1anza de Espa\u00f1ol para Extranjeros. El curso se realizar\u00e1 de forma\u00a0<strong>semipresencial<\/strong>\u00a0y\u00a0<strong>se certificar\u00e1n 60 horas<\/strong>. Contar\u00e1 con dos sesiones presenciales en V\u00e9lez-M\u00e1laga durante los meses de abril y mayo y el resto de horas de formaci\u00f3n ser\u00e1n on line. El\u00a0<strong>n\u00famero m\u00e1ximo de alumnos\/as ser\u00e1 de 40<\/strong>.<\/p>\n<p>Los interesados\/as tienen que cumplimentar a trav\u00e9s de\u00a0<strong><a href=\"https:\/\/docs.google.com\/forms\/d\/1yea-eUG0gP80-VWQ6u4XLiCZP-8_s9rBJk1834BsV6I\/viewform\">este enlace<\/a><\/strong>\u00a0un breve y sencillo cuestionario hasta el\u00a0<strong>domingo 23 de marzo<\/strong>.<\/p>\n<p>Para m\u00e1s informaci\u00f3n, pueden contactar con el asesor del CEP de la Axarqu\u00eda, Joaqu\u00edn Roanes Porta:\u00a0joaquinroanes@cepaxarquia.org<\/p>\n<p>&nbsp;<\/p>\n","protected":false},"excerpt":{"rendered":"<p>Con objeto de conocer la demanda formativa del profesorado, se ha abierto un formulario de petici\u00f3n del Curso sobre la Ense\u00f1anza de Espa\u00f1ol para Extranjeros. El curso se realizar\u00e1 de forma\u00a0semipresencial\u00a0y\u00a0se certificar\u00e1n 60 horas.&#46;&#46;&#46;<\/p>\n","protected":false},"author":1124,"featured_media":0,"comment_status":"open","ping_status":"open","sticky":false,"template":"","format":"standard","meta":{"ngg_post_thumbnail":0,"footnotes":""},"categories":[2134014],"tags":[],"aioseo_notices":[],"_links":{"self":[{"href":"https:\/\/blogsaverroes.juntadeandalucia.es\/plurilinguismodelegacionmalaga\/wp-json\/wp\/v2\/posts\/4957"}],"collection":[{"href":"https:\/\/blogsaverroes.juntadeandalucia.es\/plurilinguismodelegacionmalaga\/wp-json\/wp\/v2\/posts"}],"about":[{"href":"https:\/\/blogsaverroes.juntadeandalucia.es\/plurilinguismodelegacionmalaga\/wp-json\/wp\/v2\/types\/post"}],"author":[{"embeddable":true,"href":"https:\/\/blogsaverroes.juntadeandalucia.es\/plurilinguismodelegacionmalaga\/wp-json\/wp\/v2\/users\/1124"}],"replies":[{"embeddable":true,"href":"https:\/\/blogsaverroes.juntadeandalucia.es\/plurilinguismodelegacionmalaga\/wp-json\/wp\/v2\/comments?post=4957"}],"version-history":[{"count":0,"href":"https:\/\/blogsaverroes.juntadeandalucia.es\/plurilinguismodelegacionmalaga\/wp-json\/wp\/v2\/posts\/4957\/revisions"}],"wp:attachment":[{"href":"https:\/\/blogsaverroes.juntadeandalucia.es\/plurilinguismodelegacionmalaga\/wp-json\/wp\/v2\/media?parent=4957"}],"wp:term":[{"taxonomy":"category","embeddable":true,"href":"https:\/\/blogsaverroes.juntadeandalucia.es\/plurilinguismodelegacionmalaga\/wp-json\/wp\/v2\/categories?post=4957"},{"taxonomy":"post_tag","embeddable":true,"href":"https:\/\/blogsaverroes.juntadeandalucia.es\/plurilinguismodelegacionmalaga\/wp-json\/wp\/v2\/tags?post=4957"}],"curies":[{"name":"wp","href":"https:\/\/api.w.org\/{rel}","templated":true}]}}