{"id":5021,"date":"2014-04-24T08:15:04","date_gmt":"2014-04-24T07:15:04","guid":{"rendered":"http:\/\/www.educacionenmalaga.es\/bilinguismo\/?p=5021"},"modified":"2014-04-24T08:15:04","modified_gmt":"2014-04-24T07:15:04","slug":"carta-erasmus-de-educacion-superior","status":"publish","type":"post","link":"https:\/\/blogsaverroes.juntadeandalucia.es\/plurilinguismodelegacionmalaga\/2014\/04\/24\/carta-erasmus-de-educacion-superior\/","title":{"rendered":"Carta Erasmus de Educaci\u00f3n Superior"},"content":{"rendered":"<p style=\"text-align: justify\">En la secci\u00f3n de novedades de la p\u00e1gina de la Consejer\u00eda se public\u00f3 el viernes 11 de abril\u00a0 la <a href=\"http:\/\/www.juntaandalucia.es\/educacion\/nav\/contenido.jsp?pag=\/Contenidos\/FPEP\/Europass\/20140411_ConvocCartaErasmus15&amp;vismenu=0,0,1,1,1,1,0,0,0\">referencia a la Convocatoria 2015 de la Carta Erasmus de Educaci\u00f3n Superior (ECHE)<\/a>\u00a0,\u00a0documento necesario para la solicitud de movilidad del alumnado de Educaci\u00f3n Superior.<br \/>\n<span style=\"color: #808080\">El plazo de presentaci\u00f3n de solicitudes para obtener dicha Carta finalizar\u00e1 a las 12:00 (hora de Bruselas), del 22 de mayo de 2014.<br \/>\n<\/span>Desde la p\u00e1gina de la Consejer\u00eda y a trav\u00e9s de la del <a href=\"http:\/\/www.oapee.es\/oapee\/inicio.html\">OAPEE<\/a> pod\u00e9is acceder a toda la informaci\u00f3n en el siguiente enlace:<br \/>\n<a href=\"http:\/\/www.oapee.es\/oapee\/inicio\/novedades\/ECHE-2015.html\">http:\/\/www.oapee.es\/oapee\/inicio\/novedades\/ECHE-2015.html<\/a><\/p>\n","protected":false},"excerpt":{"rendered":"<p>En la secci\u00f3n de novedades de la p\u00e1gina de la Consejer\u00eda se public\u00f3 el viernes 11 de abril\u00a0 la referencia a la Convocatoria 2015 de la Carta Erasmus de Educaci\u00f3n Superior (ECHE)\u00a0,\u00a0documento necesario para&#46;&#46;&#46;<\/p>\n","protected":false},"author":1124,"featured_media":0,"comment_status":"open","ping_status":"open","sticky":false,"template":"","format":"standard","meta":{"ngg_post_thumbnail":0,"footnotes":""},"categories":[2284639,2134355],"tags":[],"aioseo_notices":[],"_links":{"self":[{"href":"https:\/\/blogsaverroes.juntadeandalucia.es\/plurilinguismodelegacionmalaga\/wp-json\/wp\/v2\/posts\/5021"}],"collection":[{"href":"https:\/\/blogsaverroes.juntadeandalucia.es\/plurilinguismodelegacionmalaga\/wp-json\/wp\/v2\/posts"}],"about":[{"href":"https:\/\/blogsaverroes.juntadeandalucia.es\/plurilinguismodelegacionmalaga\/wp-json\/wp\/v2\/types\/post"}],"author":[{"embeddable":true,"href":"https:\/\/blogsaverroes.juntadeandalucia.es\/plurilinguismodelegacionmalaga\/wp-json\/wp\/v2\/users\/1124"}],"replies":[{"embeddable":true,"href":"https:\/\/blogsaverroes.juntadeandalucia.es\/plurilinguismodelegacionmalaga\/wp-json\/wp\/v2\/comments?post=5021"}],"version-history":[{"count":0,"href":"https:\/\/blogsaverroes.juntadeandalucia.es\/plurilinguismodelegacionmalaga\/wp-json\/wp\/v2\/posts\/5021\/revisions"}],"wp:attachment":[{"href":"https:\/\/blogsaverroes.juntadeandalucia.es\/plurilinguismodelegacionmalaga\/wp-json\/wp\/v2\/media?parent=5021"}],"wp:term":[{"taxonomy":"category","embeddable":true,"href":"https:\/\/blogsaverroes.juntadeandalucia.es\/plurilinguismodelegacionmalaga\/wp-json\/wp\/v2\/categories?post=5021"},{"taxonomy":"post_tag","embeddable":true,"href":"https:\/\/blogsaverroes.juntadeandalucia.es\/plurilinguismodelegacionmalaga\/wp-json\/wp\/v2\/tags?post=5021"}],"curies":[{"name":"wp","href":"https:\/\/api.w.org\/{rel}","templated":true}]}}