{"id":5109,"date":"2014-05-27T08:03:10","date_gmt":"2014-05-27T07:03:10","guid":{"rendered":"http:\/\/www.educacionenmalaga.es\/bilinguismo\/?p=5109"},"modified":"2014-05-27T08:03:10","modified_gmt":"2014-05-27T07:03:10","slug":"el-cepr-el-chaparral-comparte-su-comenius-multilateral","status":"publish","type":"post","link":"https:\/\/blogsaverroes.juntadeandalucia.es\/plurilinguismodelegacionmalaga\/2014\/05\/27\/el-cepr-el-chaparral-comparte-su-comenius-multilateral\/","title":{"rendered":"El CEPR El Chaparral comparte su Comenius multilateral"},"content":{"rendered":"<p style=\"text-align: justify\">El CEPR El Chaparral ha participado en\u00a0 el proyecto multilateral Comenius &#8220;Bring Outdoors Inside&#8221;.\u00a0 A lo largo de estos dos cursos los centros implicados han desarrollado una gran cantidad de actividades comunes relacionadas con el medio ambiente: investigaci\u00f3n, huerto escolar, talleres de manualidades con material de reciclaje, campa\u00f1as de concienciaci\u00f3n sobre la importancia del reciclaje, videos, obras de teatro o carteler\u00eda (algunas est\u00e1n rese\u00f1adas en el <a href=\"http:\/\/bringoutdoorsinside.blogspot.com.es\/\">blog del proyecto<\/a>). El siguiente v\u00eddeo que comparte la coordinadora biling\u00fce, Alejandra Alberto, es el producto final, elaborado como alegato en defensa del medio ambiente por profesorado y alumnado de los seis pa\u00edses participantes:<\/p>\n<p>CEPR El Chaparral, Mijas, Espa\u00f1a<br \/>\nB\u00f6lets F\u00f6rskola, Kallered, Suecia<br \/>\nAcarlar Anaokulu, Aydin, Turqu\u00eda<br \/>\nSt. Saviour&#8217;s CEVC Nursery and Infant School, Bath, Reino Unido<br \/>\nVeselina Kindergarten, Sofia, Bulgaria<br \/>\nVIII Baiculesti, Baiculesti, Ruman\u00eda<\/p>\n<p><iframe loading=\"lazy\" src=\"\/\/www.youtube.com\/embed\/7f5V8euI9EY\" width=\"560\" height=\"315\" frameborder=\"0\"><\/iframe><\/p>\n<p style=\"text-align: justify\">\n","protected":false},"excerpt":{"rendered":"<p>El CEPR El Chaparral ha participado en\u00a0 el proyecto multilateral Comenius &#8220;Bring Outdoors Inside&#8221;.\u00a0 A lo largo de estos dos cursos los centros implicados han desarrollado una gran cantidad de actividades comunes relacionadas con&#46;&#46;&#46;<\/p>\n","protected":false},"author":1124,"featured_media":0,"comment_status":"open","ping_status":"open","sticky":false,"template":"","format":"standard","meta":{"ngg_post_thumbnail":0,"footnotes":""},"categories":[2284639],"tags":[],"aioseo_notices":[],"_links":{"self":[{"href":"https:\/\/blogsaverroes.juntadeandalucia.es\/plurilinguismodelegacionmalaga\/wp-json\/wp\/v2\/posts\/5109"}],"collection":[{"href":"https:\/\/blogsaverroes.juntadeandalucia.es\/plurilinguismodelegacionmalaga\/wp-json\/wp\/v2\/posts"}],"about":[{"href":"https:\/\/blogsaverroes.juntadeandalucia.es\/plurilinguismodelegacionmalaga\/wp-json\/wp\/v2\/types\/post"}],"author":[{"embeddable":true,"href":"https:\/\/blogsaverroes.juntadeandalucia.es\/plurilinguismodelegacionmalaga\/wp-json\/wp\/v2\/users\/1124"}],"replies":[{"embeddable":true,"href":"https:\/\/blogsaverroes.juntadeandalucia.es\/plurilinguismodelegacionmalaga\/wp-json\/wp\/v2\/comments?post=5109"}],"version-history":[{"count":0,"href":"https:\/\/blogsaverroes.juntadeandalucia.es\/plurilinguismodelegacionmalaga\/wp-json\/wp\/v2\/posts\/5109\/revisions"}],"wp:attachment":[{"href":"https:\/\/blogsaverroes.juntadeandalucia.es\/plurilinguismodelegacionmalaga\/wp-json\/wp\/v2\/media?parent=5109"}],"wp:term":[{"taxonomy":"category","embeddable":true,"href":"https:\/\/blogsaverroes.juntadeandalucia.es\/plurilinguismodelegacionmalaga\/wp-json\/wp\/v2\/categories?post=5109"},{"taxonomy":"post_tag","embeddable":true,"href":"https:\/\/blogsaverroes.juntadeandalucia.es\/plurilinguismodelegacionmalaga\/wp-json\/wp\/v2\/tags?post=5109"}],"curies":[{"name":"wp","href":"https:\/\/api.w.org\/{rel}","templated":true}]}}