{"id":5164,"date":"2014-06-16T12:05:59","date_gmt":"2014-06-16T11:05:59","guid":{"rendered":"http:\/\/www.educacionenmalaga.es\/bilinguismo\/?p=5164"},"modified":"2014-06-16T12:05:59","modified_gmt":"2014-06-16T11:05:59","slug":"correccion-errores-recolocacion-de-puestos-bilingues","status":"publish","type":"post","link":"https:\/\/blogsaverroes.juntadeandalucia.es\/plurilinguismodelegacionmalaga\/2014\/06\/16\/correccion-errores-recolocacion-de-puestos-bilingues\/","title":{"rendered":"Correcci\u00f3n errores Recolocaci\u00f3n de puestos biling\u00fces"},"content":{"rendered":"<p style=\"text-align: justify\">La Direcci\u00f3n General de Gesti\u00f3n de Recursos Humanos ha publicado la <a href=\"http:\/\/www.ced.junta-andalucia.es\/educacion\/nav\/contenido.jsp?pag=\/Contenidos\/RRHH\/Concurso_traslados_2014\/RES130614&amp;vismenu=0,0,1,1,1,1,0,0,0\">CORRECCI\u00d3N de errores de la Resoluci\u00f3n de 27 de mayo de 2014<\/a>, por la que se resuelve, definitivamente, el procedimiento de recolocaci\u00f3n de puestos espec\u00edficos biling\u00fces, a cuya provisi\u00f3n se refiere la Resoluci\u00f3n de 3 de febrero de 2014 (boja n\u00ba 111, de 11 de junio).<\/p>\n","protected":false},"excerpt":{"rendered":"<p>La Direcci\u00f3n General de Gesti\u00f3n de Recursos Humanos ha publicado la CORRECCI\u00d3N de errores de la Resoluci\u00f3n de 27 de mayo de 2014, por la que se resuelve, definitivamente, el procedimiento de recolocaci\u00f3n de&#46;&#46;&#46;<\/p>\n","protected":false},"author":1124,"featured_media":0,"comment_status":"open","ping_status":"open","sticky":false,"template":"","format":"standard","meta":{"ngg_post_thumbnail":0,"footnotes":""},"categories":[2284639],"tags":[],"aioseo_notices":[],"_links":{"self":[{"href":"https:\/\/blogsaverroes.juntadeandalucia.es\/plurilinguismodelegacionmalaga\/wp-json\/wp\/v2\/posts\/5164"}],"collection":[{"href":"https:\/\/blogsaverroes.juntadeandalucia.es\/plurilinguismodelegacionmalaga\/wp-json\/wp\/v2\/posts"}],"about":[{"href":"https:\/\/blogsaverroes.juntadeandalucia.es\/plurilinguismodelegacionmalaga\/wp-json\/wp\/v2\/types\/post"}],"author":[{"embeddable":true,"href":"https:\/\/blogsaverroes.juntadeandalucia.es\/plurilinguismodelegacionmalaga\/wp-json\/wp\/v2\/users\/1124"}],"replies":[{"embeddable":true,"href":"https:\/\/blogsaverroes.juntadeandalucia.es\/plurilinguismodelegacionmalaga\/wp-json\/wp\/v2\/comments?post=5164"}],"version-history":[{"count":0,"href":"https:\/\/blogsaverroes.juntadeandalucia.es\/plurilinguismodelegacionmalaga\/wp-json\/wp\/v2\/posts\/5164\/revisions"}],"wp:attachment":[{"href":"https:\/\/blogsaverroes.juntadeandalucia.es\/plurilinguismodelegacionmalaga\/wp-json\/wp\/v2\/media?parent=5164"}],"wp:term":[{"taxonomy":"category","embeddable":true,"href":"https:\/\/blogsaverroes.juntadeandalucia.es\/plurilinguismodelegacionmalaga\/wp-json\/wp\/v2\/categories?post=5164"},{"taxonomy":"post_tag","embeddable":true,"href":"https:\/\/blogsaverroes.juntadeandalucia.es\/plurilinguismodelegacionmalaga\/wp-json\/wp\/v2\/tags?post=5164"}],"curies":[{"name":"wp","href":"https:\/\/api.w.org\/{rel}","templated":true}]}}