{"id":5215,"date":"2014-07-07T08:14:25","date_gmt":"2014-07-07T07:14:25","guid":{"rendered":"http:\/\/www.educacionenmalaga.es\/bilinguismo\/?p=5215"},"modified":"2014-07-07T08:14:25","modified_gmt":"2014-07-07T07:14:25","slug":"el-ceip-clara-campoamor-de-alhaurin-de-la-torre-finaliza-su-proyecto-comenius","status":"publish","type":"post","link":"https:\/\/blogsaverroes.juntadeandalucia.es\/plurilinguismodelegacionmalaga\/2014\/07\/07\/el-ceip-clara-campoamor-de-alhaurin-de-la-torre-finaliza-su-proyecto-comenius\/","title":{"rendered":"El CEIP Clara Campoamor de Alhaur\u00edn de la Torre finaliza su Proyecto Comenius"},"content":{"rendered":"<p style=\"text-align: justify\">Durante el mes de Junio, el CEIP Clara Campoamor ha llevado a cabo una serie de actividades en el marco del proyecto Comenius \u201cEclil4you\u201d, que han culminado con la reuni\u00f3n final del mismo en la localidad alemana de G\u00f6ttingen.<img loading=\"lazy\" decoding=\"async\" class=\"alignright wp-image-5216 size-medium\" src=\"http:\/\/www.educacionenmalaga.es\/bilinguismo\/files\/2014\/07\/COMENIUS-TEAM-300x174.jpg\" alt=\"COMENIUS TEAM\" width=\"300\" height=\"174\" srcset=\"https:\/\/blogsaverroes.juntadeandalucia.es\/plurilinguismodelegacionmalaga\/files\/2014\/07\/COMENIUS-TEAM-300x174.jpg 300w, https:\/\/blogsaverroes.juntadeandalucia.es\/plurilinguismodelegacionmalaga\/files\/2014\/07\/COMENIUS-TEAM-768x447.jpg 768w, https:\/\/blogsaverroes.juntadeandalucia.es\/plurilinguismodelegacionmalaga\/files\/2014\/07\/COMENIUS-TEAM-1024x595.jpg 1024w, https:\/\/blogsaverroes.juntadeandalucia.es\/plurilinguismodelegacionmalaga\/files\/2014\/07\/COMENIUS-TEAM-24x14.jpg 24w, https:\/\/blogsaverroes.juntadeandalucia.es\/plurilinguismodelegacionmalaga\/files\/2014\/07\/COMENIUS-TEAM-36x21.jpg 36w, https:\/\/blogsaverroes.juntadeandalucia.es\/plurilinguismodelegacionmalaga\/files\/2014\/07\/COMENIUS-TEAM-48x28.jpg 48w, https:\/\/blogsaverroes.juntadeandalucia.es\/plurilinguismodelegacionmalaga\/files\/2014\/07\/COMENIUS-TEAM.jpg 1333w\" sizes=\"(max-width: 300px) 100vw, 300px\" \/><\/p>\n<p style=\"text-align: justify\">Estas actividades comenzaron el lunes 2 de junio con la visita de Silvana Rampone y Patrizia Ruffinatto, dos maestras del colegio \u201cG. Rodari\u201d de la localidad italiana de Roletto, socio del proyecto. Ambas llevaron a cabo actividades CLIL tanto en Educaci\u00f3n Infantil como en Primaria, adem\u00e1s de compartir con el alumnado los aspectos culturales m\u00e1s significativos de Italia. Como ya ocurri\u00f3 en las anteriores ocasiones en las que el centro recibi\u00f3 la visita de maestras de otras nacionalidades, la experiencia fue muy enriquecedora.<!--more--><\/p>\n<p style=\"text-align: justify\">M\u00e1s tarde, ese mismo d\u00eda, tuvieron la oportunidad de asistir al \u201cTaller CLIL para Primaria\u201d organizado por la asociaci\u00f3n GRETA en colaboraci\u00f3n con el CEP de M\u00e1laga. El taller impartido por la propia Silvana Rampone, cont\u00f3 con la presentaci\u00f3n por parte de Isabel Mart\u00ednez, maestra del CEIP Clara Campoamor, de actividades y materiales CLIL elaborados e implementados en el centro.<\/p>\n<p style=\"text-align: justify\">M\u00e1s tarde, ese mismo d\u00eda, tuvieron la oportunidad de asistir al \u201cTaller CLIL para Primaria\u201d organizado por la asociaci\u00f3n GRETA en colaboraci\u00f3n con el CEP de M\u00e1laga. El taller impartido por la propia Silvana Rampone, cont\u00f3 con la presentaci\u00f3n por parte de Isabel Mart\u00ednez, maestra del CEIP Clara Campoamor, de actividades y materiales CLIL elaborados e implementados en el centro.<\/p>\n<p style=\"text-align: justify\">Posteriormente, durante los d\u00edas 14 a 19 de junio, se celebr\u00f3 la reuni\u00f3n final del proyecto. El colegio anfitri\u00f3n fue la \u201cWilhelm-Busch-Schule\u201d, en la localidad alemana de G\u00f6ttingen, donde los socios pudieron disfrutar de una muy agradable acogida y una magn\u00edfica organizaci\u00f3n. El programa inclu\u00eda tanto actividades l\u00fadico-culturales para dar a conocer el sistema educativo y la localidad, como las reuniones de trabajo donde el proyecto fue evaluado de forma muy positiva por todos los socios. Los resultados del mismo se pueden encontrar en http:\/\/eclil4you.weebly.com\/<\/p>\n<p style=\"text-align: justify\">\n<p>&nbsp;<\/p>\n<p>&nbsp;<\/p>\n<p>&nbsp;<\/p>\n<p>&nbsp;<\/p>\n<p style=\"text-align: justify\">\n<p style=\"text-align: justify\">\n","protected":false},"excerpt":{"rendered":"<p>Durante el mes de Junio, el CEIP Clara Campoamor ha llevado a cabo una serie de actividades en el marco del proyecto Comenius \u201cEclil4you\u201d, que han culminado con la reuni\u00f3n final del mismo en&#46;&#46;&#46;<\/p>\n","protected":false},"author":1124,"featured_media":0,"comment_status":"open","ping_status":"open","sticky":false,"template":"","format":"standard","meta":{"ngg_post_thumbnail":0,"footnotes":""},"categories":[2284639,2134355,2152],"tags":[],"aioseo_notices":[],"_links":{"self":[{"href":"https:\/\/blogsaverroes.juntadeandalucia.es\/plurilinguismodelegacionmalaga\/wp-json\/wp\/v2\/posts\/5215"}],"collection":[{"href":"https:\/\/blogsaverroes.juntadeandalucia.es\/plurilinguismodelegacionmalaga\/wp-json\/wp\/v2\/posts"}],"about":[{"href":"https:\/\/blogsaverroes.juntadeandalucia.es\/plurilinguismodelegacionmalaga\/wp-json\/wp\/v2\/types\/post"}],"author":[{"embeddable":true,"href":"https:\/\/blogsaverroes.juntadeandalucia.es\/plurilinguismodelegacionmalaga\/wp-json\/wp\/v2\/users\/1124"}],"replies":[{"embeddable":true,"href":"https:\/\/blogsaverroes.juntadeandalucia.es\/plurilinguismodelegacionmalaga\/wp-json\/wp\/v2\/comments?post=5215"}],"version-history":[{"count":0,"href":"https:\/\/blogsaverroes.juntadeandalucia.es\/plurilinguismodelegacionmalaga\/wp-json\/wp\/v2\/posts\/5215\/revisions"}],"wp:attachment":[{"href":"https:\/\/blogsaverroes.juntadeandalucia.es\/plurilinguismodelegacionmalaga\/wp-json\/wp\/v2\/media?parent=5215"}],"wp:term":[{"taxonomy":"category","embeddable":true,"href":"https:\/\/blogsaverroes.juntadeandalucia.es\/plurilinguismodelegacionmalaga\/wp-json\/wp\/v2\/categories?post=5215"},{"taxonomy":"post_tag","embeddable":true,"href":"https:\/\/blogsaverroes.juntadeandalucia.es\/plurilinguismodelegacionmalaga\/wp-json\/wp\/v2\/tags?post=5215"}],"curies":[{"name":"wp","href":"https:\/\/api.w.org\/{rel}","templated":true}]}}