{"id":5358,"date":"2014-11-20T09:41:41","date_gmt":"2014-11-20T08:41:41","guid":{"rendered":"http:\/\/www.educacionenmalaga.es\/bilinguismo\/?p=5358"},"modified":"2014-11-20T09:41:41","modified_gmt":"2014-11-20T08:41:41","slug":"alumnado-del-ces-santa-maria-de-los-angeles-viaja-a-alemania-gracias-al-programa-comenius","status":"publish","type":"post","link":"https:\/\/blogsaverroes.juntadeandalucia.es\/plurilinguismodelegacionmalaga\/2014\/11\/20\/alumnado-del-ces-santa-maria-de-los-angeles-viaja-a-alemania-gracias-al-programa-comenius\/","title":{"rendered":"Alumnado del CES Santa Mar\u00eda de los \u00c1ngeles viaja a Alemania gracias al programa Comenius"},"content":{"rendered":"<p style=\"text-align: justify\" align=\"JUSTIFY\"><span style=\"color: #000000\"><span style=\"font-size: medium\"><a href=\"https:\/\/blogsaverroes.juntadeandalucia.es\/plurilinguismodelegacionmalaga\/files\/2014\/11\/Angeles.jpg\"><img loading=\"lazy\" decoding=\"async\" class=\"alignleft wp-image-5361 size-medium\" src=\"http:\/\/www.educacionenmalaga.es\/bilinguismo\/files\/2014\/11\/Angeles-261x300.jpg\" alt=\"Angeles\" width=\"261\" height=\"300\" srcset=\"https:\/\/blogsaverroes.juntadeandalucia.es\/plurilinguismodelegacionmalaga\/files\/2014\/11\/Angeles-261x300.jpg 261w, https:\/\/blogsaverroes.juntadeandalucia.es\/plurilinguismodelegacionmalaga\/files\/2014\/11\/Angeles-768x883.jpg 768w, https:\/\/blogsaverroes.juntadeandalucia.es\/plurilinguismodelegacionmalaga\/files\/2014\/11\/Angeles-891x1024.jpg 891w, https:\/\/blogsaverroes.juntadeandalucia.es\/plurilinguismodelegacionmalaga\/files\/2014\/11\/Angeles-21x24.jpg 21w, https:\/\/blogsaverroes.juntadeandalucia.es\/plurilinguismodelegacionmalaga\/files\/2014\/11\/Angeles-31x36.jpg 31w, https:\/\/blogsaverroes.juntadeandalucia.es\/plurilinguismodelegacionmalaga\/files\/2014\/11\/Angeles-42x48.jpg 42w, https:\/\/blogsaverroes.juntadeandalucia.es\/plurilinguismodelegacionmalaga\/files\/2014\/11\/Angeles.jpg 1392w\" sizes=\"(max-width: 261px) 100vw, 261px\" \/><\/a>Del 28 de septiembre al 3 de octubre un grupo formado por 5 alumnas y 5 alumnos de Bachillerato del CES Sta. Mar\u00eda de los \u00c1ngeles, viaj\u00f3 a M\u00fchlhausen, Alemania, dentro del programa Comenius, para participar junto a alumnado del \u00fanico centro p\u00fablico de esa ciudad.<\/span><\/span><\/p>\n<p style=\"text-align: justify\" align=\"JUSTIFY\">Se realizaron muchas actividades, entre las que se destacan la visita a los cascos antiguo de M\u00fchlhausen y\u00a0Erfurt, capital de la comarca de Turingia, as\u00ed como la visita al castillo de Watburg, de gran importancia para Alemania, ya que desde aqu\u00ed se cohesion\u00f3 y extendi\u00f3 la lengua alemana.<\/p>\n<p style=\"text-align: justify\" align=\"JUSTIFY\"><span style=\"color: #000000\"> <span style=\"font-size: medium\">Otro tipo de actividades fueron las deportivas, como partido de voleibol, simulaci\u00f3n de escaladas, y las espec\u00edficamente convivenciales como picnic, barbacoa \u2026<\/span><\/span><\/p>\n<p style=\"text-align: justify\" align=\"JUSTIFY\"><span style=\"color: #000000\"><span style=\"font-size: medium\">Lo m\u00e1s valioso de este encuentro ha sido la convivencia, la creaci\u00f3n de lazos de amistad, respeto y la absoluta inmersi\u00f3n en la lengua inglesa que se ha llevado a cabo en ese tiempo.<img loading=\"lazy\" decoding=\"async\" class=\"alignright wp-image-5362 size-medium\" src=\"http:\/\/www.educacionenmalaga.es\/bilinguismo\/files\/2014\/11\/2014-09-28-llegada-300x225.jpg\" alt=\"2014-09-28 llegada\" width=\"300\" height=\"225\" srcset=\"https:\/\/blogsaverroes.juntadeandalucia.es\/plurilinguismodelegacionmalaga\/files\/2014\/11\/2014-09-28-llegada-300x225.jpg 300w, https:\/\/blogsaverroes.juntadeandalucia.es\/plurilinguismodelegacionmalaga\/files\/2014\/11\/2014-09-28-llegada-768x576.jpg 768w, https:\/\/blogsaverroes.juntadeandalucia.es\/plurilinguismodelegacionmalaga\/files\/2014\/11\/2014-09-28-llegada-1024x768.jpg 1024w, https:\/\/blogsaverroes.juntadeandalucia.es\/plurilinguismodelegacionmalaga\/files\/2014\/11\/2014-09-28-llegada-24x18.jpg 24w, https:\/\/blogsaverroes.juntadeandalucia.es\/plurilinguismodelegacionmalaga\/files\/2014\/11\/2014-09-28-llegada-36x27.jpg 36w, https:\/\/blogsaverroes.juntadeandalucia.es\/plurilinguismodelegacionmalaga\/files\/2014\/11\/2014-09-28-llegada-48x36.jpg 48w, https:\/\/blogsaverroes.juntadeandalucia.es\/plurilinguismodelegacionmalaga\/files\/2014\/11\/2014-09-28-llegada.jpg 1600w\" sizes=\"(max-width: 300px) 100vw, 300px\" \/><\/span><\/span><\/p>\n<p style=\"text-align: justify\" align=\"JUSTIFY\"><span style=\"color: #000000\"><span style=\"font-size: medium\">La participaci\u00f3n en Comenius por parte de nuestro centro forma parte de un programa del Departamento de relaciones internacionales e interculturales que tiene por objeto reforzar la dimensi\u00f3n europea e intercultural entre nuestra juventud.<\/span><\/span><\/p>\n","protected":false},"excerpt":{"rendered":"<p>Del 28 de septiembre al 3 de octubre un grupo formado por 5 alumnas y 5 alumnos de Bachillerato del CES Sta. Mar\u00eda de los \u00c1ngeles, viaj\u00f3 a M\u00fchlhausen, Alemania, dentro del programa Comenius,&#46;&#46;&#46;<\/p>\n","protected":false},"author":1124,"featured_media":0,"comment_status":"open","ping_status":"open","sticky":false,"template":"","format":"standard","meta":{"ngg_post_thumbnail":0,"footnotes":""},"categories":[2152],"tags":[],"aioseo_notices":[],"_links":{"self":[{"href":"https:\/\/blogsaverroes.juntadeandalucia.es\/plurilinguismodelegacionmalaga\/wp-json\/wp\/v2\/posts\/5358"}],"collection":[{"href":"https:\/\/blogsaverroes.juntadeandalucia.es\/plurilinguismodelegacionmalaga\/wp-json\/wp\/v2\/posts"}],"about":[{"href":"https:\/\/blogsaverroes.juntadeandalucia.es\/plurilinguismodelegacionmalaga\/wp-json\/wp\/v2\/types\/post"}],"author":[{"embeddable":true,"href":"https:\/\/blogsaverroes.juntadeandalucia.es\/plurilinguismodelegacionmalaga\/wp-json\/wp\/v2\/users\/1124"}],"replies":[{"embeddable":true,"href":"https:\/\/blogsaverroes.juntadeandalucia.es\/plurilinguismodelegacionmalaga\/wp-json\/wp\/v2\/comments?post=5358"}],"version-history":[{"count":0,"href":"https:\/\/blogsaverroes.juntadeandalucia.es\/plurilinguismodelegacionmalaga\/wp-json\/wp\/v2\/posts\/5358\/revisions"}],"wp:attachment":[{"href":"https:\/\/blogsaverroes.juntadeandalucia.es\/plurilinguismodelegacionmalaga\/wp-json\/wp\/v2\/media?parent=5358"}],"wp:term":[{"taxonomy":"category","embeddable":true,"href":"https:\/\/blogsaverroes.juntadeandalucia.es\/plurilinguismodelegacionmalaga\/wp-json\/wp\/v2\/categories?post=5358"},{"taxonomy":"post_tag","embeddable":true,"href":"https:\/\/blogsaverroes.juntadeandalucia.es\/plurilinguismodelegacionmalaga\/wp-json\/wp\/v2\/tags?post=5358"}],"curies":[{"name":"wp","href":"https:\/\/api.w.org\/{rel}","templated":true}]}}