{"id":5453,"date":"2015-01-12T08:01:20","date_gmt":"2015-01-12T07:01:20","guid":{"rendered":"http:\/\/www.educacionenmalaga.es\/bilinguismo\/?p=5453"},"modified":"2015-01-12T08:01:20","modified_gmt":"2015-01-12T07:01:20","slug":"proyectos-de-innovacion-y-elaboracion-de-materiales-y-recursos-didacticos","status":"publish","type":"post","link":"https:\/\/blogsaverroes.juntadeandalucia.es\/plurilinguismodelegacionmalaga\/2015\/01\/12\/proyectos-de-innovacion-y-elaboracion-de-materiales-y-recursos-didacticos\/","title":{"rendered":"Proyectos de innovaci\u00f3n y elaboraci\u00f3n de materiales y recursos did\u00e1cticos"},"content":{"rendered":"<p style=\"text-align: justify\">La Consejer\u00eda de Educaci\u00f3n, Cultura y Deporte de la Junta de Andaluc\u00eda ha puesto en marcha una nueva convocatoria destinada al profesorado de los centros docentes p\u00fablicos dependientes de esta Consejer\u00eda, para el desarrollo de proyectos de investigaci\u00f3n e innovaci\u00f3n educativa y la elaboraci\u00f3n de materiales curriculares y recursos did\u00e1cticos de diferentes \u00e1mbitos, entre ellos el de Fomento de Pluriling\u00fcismo.<\/p>\n<p style=\"text-align: justify\">Plazo de solicitud: 27 de febrero de 2015.<br \/>\nDuraci\u00f3n del proyecto: 1 \u00f3 2 a\u00f1os.<br \/>\nPara cualquier aclaraci\u00f3n:\u00a0innovacion.ced@juntadeandalucia.es<\/p>\n<p style=\"text-align: justify\">La solicitud debe ser firmada digitalmente y presentada a trav\u00e9s de la aplicaci\u00f3n inform\u00e1tica <a href=\"http:\/\/www.juntadeandalucia.es\/educacion\/portalseneca\/web\/seneca\/inicio\" target=\"_blank\" rel=\"noopener noreferrer\">S\u00e9neca.<\/a><\/p>\n<div style=\"text-align: justify\">\n<div><a href=\"http:\/\/descargas.ced.junta-andalucia.es\/firmadigital\/index.html\" target=\"_blank\" rel=\"noopener noreferrer\">Informaci\u00f3n y ayuda sobre la firma electr\u00f3nica en S\u00e9neca.<\/a><\/div>\n<div><\/div>\n<\/div>\n<div style=\"text-align: justify\">\n<div><a href=\"http:\/\/www.juntadeandalucia.es\/educacion\/educacion\/nav\/contenido.jsp?pag=\/Contenidos\/IEFP\/INNOVACION\/ordenpinpivmat\">Orden 14 de enero de 2009 (BOJA &#8211; n\u00fam.21 &#8211; 02\/02\/2009)<\/a><\/div>\n<div><\/div>\n<\/div>\n<div style=\"text-align: justify\">\n<div><a href=\"http:\/\/www.juntadeandalucia.es\/educacion\/educacion\/nav\/contenido.jsp?pag=\/Contenidos\/IEFP\/INNOVACION\/preg_frec\">Preguntas frecuentes<\/a><\/div>\n<div><\/div>\n<\/div>\n<div style=\"text-align: justify\">\n<div><a href=\"http:\/\/www.juntadeandalucia.es\/educacion\/educacion\/nav\/contenido.jsp?pag=\/Contenidos\/IEFP\/INNOVACION\/unif_tuto\">Tutorial para realizar la solicitud de proyectos en S\u00c9NECA<\/a><\/div>\n<div><\/div>\n<div><\/div>\n<\/div>\n","protected":false},"excerpt":{"rendered":"<p>La Consejer\u00eda de Educaci\u00f3n, Cultura y Deporte de la Junta de Andaluc\u00eda ha puesto en marcha una nueva convocatoria destinada al profesorado de los centros docentes p\u00fablicos dependientes de esta Consejer\u00eda, para el desarrollo&#46;&#46;&#46;<\/p>\n","protected":false},"author":1124,"featured_media":0,"comment_status":"open","ping_status":"open","sticky":false,"template":"","format":"standard","meta":{"ngg_post_thumbnail":0,"footnotes":""},"categories":[2284639],"tags":[],"aioseo_notices":[],"_links":{"self":[{"href":"https:\/\/blogsaverroes.juntadeandalucia.es\/plurilinguismodelegacionmalaga\/wp-json\/wp\/v2\/posts\/5453"}],"collection":[{"href":"https:\/\/blogsaverroes.juntadeandalucia.es\/plurilinguismodelegacionmalaga\/wp-json\/wp\/v2\/posts"}],"about":[{"href":"https:\/\/blogsaverroes.juntadeandalucia.es\/plurilinguismodelegacionmalaga\/wp-json\/wp\/v2\/types\/post"}],"author":[{"embeddable":true,"href":"https:\/\/blogsaverroes.juntadeandalucia.es\/plurilinguismodelegacionmalaga\/wp-json\/wp\/v2\/users\/1124"}],"replies":[{"embeddable":true,"href":"https:\/\/blogsaverroes.juntadeandalucia.es\/plurilinguismodelegacionmalaga\/wp-json\/wp\/v2\/comments?post=5453"}],"version-history":[{"count":0,"href":"https:\/\/blogsaverroes.juntadeandalucia.es\/plurilinguismodelegacionmalaga\/wp-json\/wp\/v2\/posts\/5453\/revisions"}],"wp:attachment":[{"href":"https:\/\/blogsaverroes.juntadeandalucia.es\/plurilinguismodelegacionmalaga\/wp-json\/wp\/v2\/media?parent=5453"}],"wp:term":[{"taxonomy":"category","embeddable":true,"href":"https:\/\/blogsaverroes.juntadeandalucia.es\/plurilinguismodelegacionmalaga\/wp-json\/wp\/v2\/categories?post=5453"},{"taxonomy":"post_tag","embeddable":true,"href":"https:\/\/blogsaverroes.juntadeandalucia.es\/plurilinguismodelegacionmalaga\/wp-json\/wp\/v2\/tags?post=5453"}],"curies":[{"name":"wp","href":"https:\/\/api.w.org\/{rel}","templated":true}]}}