{"id":5456,"date":"2015-01-12T11:46:09","date_gmt":"2015-01-12T10:46:09","guid":{"rendered":"http:\/\/www.educacionenmalaga.es\/bilinguismo\/?p=5456"},"modified":"2015-01-12T11:46:09","modified_gmt":"2015-01-12T10:46:09","slug":"guia-erasmus-en-espanol","status":"publish","type":"post","link":"https:\/\/blogsaverroes.juntadeandalucia.es\/plurilinguismodelegacionmalaga\/2015\/01\/12\/guia-erasmus-en-espanol\/","title":{"rendered":"Gu\u00eda Erasmus + en espa\u00f1ol"},"content":{"rendered":"<p style=\"text-align: justify\">El Organismo Aut\u00f3nomo de Programas Educativos Europeos ya ha publicado la <a href=\"http:\/\/www.oapee.es\/dctm\/weboapee\/convocatoria\/2015\/erasmus-plus-programme-guidees.pdf?documentId=0901e72b81b8bca6\">Gu\u00eda Erasmus + en espa\u00f1ol<\/a>. Adem\u00e1s, puede consultarse toda la informaci\u00f3n relativa a la <a href=\"http:\/\/www.oapee.es\/oapee\/inicio\/ErasmusPlus\/Convocatoria.html\">convocatoria 2015<\/a> en su p\u00e1gina web.<\/p>\n","protected":false},"excerpt":{"rendered":"<p>El Organismo Aut\u00f3nomo de Programas Educativos Europeos ya ha publicado la Gu\u00eda Erasmus + en espa\u00f1ol. Adem\u00e1s, puede consultarse toda la informaci\u00f3n relativa a la convocatoria 2015 en su p\u00e1gina web.<\/p>\n","protected":false},"author":1124,"featured_media":0,"comment_status":"open","ping_status":"open","sticky":false,"template":"","format":"standard","meta":{"ngg_post_thumbnail":0,"footnotes":""},"categories":[2284639],"tags":[],"aioseo_notices":[],"_links":{"self":[{"href":"https:\/\/blogsaverroes.juntadeandalucia.es\/plurilinguismodelegacionmalaga\/wp-json\/wp\/v2\/posts\/5456"}],"collection":[{"href":"https:\/\/blogsaverroes.juntadeandalucia.es\/plurilinguismodelegacionmalaga\/wp-json\/wp\/v2\/posts"}],"about":[{"href":"https:\/\/blogsaverroes.juntadeandalucia.es\/plurilinguismodelegacionmalaga\/wp-json\/wp\/v2\/types\/post"}],"author":[{"embeddable":true,"href":"https:\/\/blogsaverroes.juntadeandalucia.es\/plurilinguismodelegacionmalaga\/wp-json\/wp\/v2\/users\/1124"}],"replies":[{"embeddable":true,"href":"https:\/\/blogsaverroes.juntadeandalucia.es\/plurilinguismodelegacionmalaga\/wp-json\/wp\/v2\/comments?post=5456"}],"version-history":[{"count":0,"href":"https:\/\/blogsaverroes.juntadeandalucia.es\/plurilinguismodelegacionmalaga\/wp-json\/wp\/v2\/posts\/5456\/revisions"}],"wp:attachment":[{"href":"https:\/\/blogsaverroes.juntadeandalucia.es\/plurilinguismodelegacionmalaga\/wp-json\/wp\/v2\/media?parent=5456"}],"wp:term":[{"taxonomy":"category","embeddable":true,"href":"https:\/\/blogsaverroes.juntadeandalucia.es\/plurilinguismodelegacionmalaga\/wp-json\/wp\/v2\/categories?post=5456"},{"taxonomy":"post_tag","embeddable":true,"href":"https:\/\/blogsaverroes.juntadeandalucia.es\/plurilinguismodelegacionmalaga\/wp-json\/wp\/v2\/tags?post=5456"}],"curies":[{"name":"wp","href":"https:\/\/api.w.org\/{rel}","templated":true}]}}