{"id":5464,"date":"2015-01-16T10:11:03","date_gmt":"2015-01-16T09:11:03","guid":{"rendered":"http:\/\/www.educacionenmalaga.es\/bilinguismo\/?p=5464"},"modified":"2015-01-16T10:11:03","modified_gmt":"2015-01-16T09:11:03","slug":"nueva-actualizacion-de-los-blogs-bilingues","status":"publish","type":"post","link":"https:\/\/blogsaverroes.juntadeandalucia.es\/plurilinguismodelegacionmalaga\/2015\/01\/16\/nueva-actualizacion-de-los-blogs-bilingues\/","title":{"rendered":"Nueva actualizaci\u00f3n de los blogs biling\u00fces"},"content":{"rendered":"<p style=\"text-align: justify\">Los centros biling\u00fces de la provincia contin\u00faan mejorando las ense\u00f1anzas en sus centros a trav\u00e9s de blogs que facilitan el aprendizaje y la comunicaci\u00f3n con alumnos, familias y comunidad educativa en general.<br \/>\nLa inmediatez de la red facilita el compartir recursos entre profesores y favorece la aplicaci\u00f3n de buenas pr\u00e1cticas que ya han sido llevadas a cabo con \u00e9xito en otros centros.<br \/>\nPuede consultar aqu\u00ed la actualizaci\u00f3n de los <a href=\"http:\/\/www.educacionenmalaga.es\/bilinguismo\/blogs-bilingues\/#sthash.8R5OLjXo.dpbs\">espacios web de los centros biling\u00fces<\/a>.<\/p>\n","protected":false},"excerpt":{"rendered":"<p>Los centros biling\u00fces de la provincia contin\u00faan mejorando las ense\u00f1anzas en sus centros a trav\u00e9s de blogs que facilitan el aprendizaje y la comunicaci\u00f3n con alumnos, familias y comunidad educativa en general. La inmediatez&#46;&#46;&#46;<\/p>\n","protected":false},"author":1124,"featured_media":0,"comment_status":"open","ping_status":"open","sticky":false,"template":"","format":"standard","meta":{"ngg_post_thumbnail":0,"footnotes":""},"categories":[2284639],"tags":[],"aioseo_notices":[],"_links":{"self":[{"href":"https:\/\/blogsaverroes.juntadeandalucia.es\/plurilinguismodelegacionmalaga\/wp-json\/wp\/v2\/posts\/5464"}],"collection":[{"href":"https:\/\/blogsaverroes.juntadeandalucia.es\/plurilinguismodelegacionmalaga\/wp-json\/wp\/v2\/posts"}],"about":[{"href":"https:\/\/blogsaverroes.juntadeandalucia.es\/plurilinguismodelegacionmalaga\/wp-json\/wp\/v2\/types\/post"}],"author":[{"embeddable":true,"href":"https:\/\/blogsaverroes.juntadeandalucia.es\/plurilinguismodelegacionmalaga\/wp-json\/wp\/v2\/users\/1124"}],"replies":[{"embeddable":true,"href":"https:\/\/blogsaverroes.juntadeandalucia.es\/plurilinguismodelegacionmalaga\/wp-json\/wp\/v2\/comments?post=5464"}],"version-history":[{"count":0,"href":"https:\/\/blogsaverroes.juntadeandalucia.es\/plurilinguismodelegacionmalaga\/wp-json\/wp\/v2\/posts\/5464\/revisions"}],"wp:attachment":[{"href":"https:\/\/blogsaverroes.juntadeandalucia.es\/plurilinguismodelegacionmalaga\/wp-json\/wp\/v2\/media?parent=5464"}],"wp:term":[{"taxonomy":"category","embeddable":true,"href":"https:\/\/blogsaverroes.juntadeandalucia.es\/plurilinguismodelegacionmalaga\/wp-json\/wp\/v2\/categories?post=5464"},{"taxonomy":"post_tag","embeddable":true,"href":"https:\/\/blogsaverroes.juntadeandalucia.es\/plurilinguismodelegacionmalaga\/wp-json\/wp\/v2\/tags?post=5464"}],"curies":[{"name":"wp","href":"https:\/\/api.w.org\/{rel}","templated":true}]}}