{"id":5476,"date":"2015-01-21T15:00:42","date_gmt":"2015-01-21T14:00:42","guid":{"rendered":"http:\/\/www.educacionenmalaga.es\/bilinguismo\/?p=5476"},"modified":"2015-01-21T15:00:42","modified_gmt":"2015-01-21T14:00:42","slug":"jornada-erasmus-2","status":"publish","type":"post","link":"https:\/\/blogsaverroes.juntadeandalucia.es\/plurilinguismodelegacionmalaga\/2015\/01\/21\/jornada-erasmus-2\/","title":{"rendered":"Jornada Erasmus +"},"content":{"rendered":"<p style=\"text-align: justify\"><img loading=\"lazy\" decoding=\"async\" class=\"alignright\" src=\"https:\/\/encrypted-tbn1.gstatic.com\/images?q=tbn:ANd9GcQcCGyopJIJOV49NRQnl-PR9gLVuaumjU-spGvuiK6iYda_Jbt5\" alt=\"\" width=\"256\" height=\"132\" \/>El pr\u00f3ximo 4 de febrero el CEP de M\u00e1laga celebrar\u00e1 la Jornada Erasmus+ con el objetivo de difundir y promover entre el\u00a0 profesorado y los centros de la provincia de M\u00e1laga las distintas posibilidades que ofrece el programa como:<\/p>\n<ul style=\"text-align: justify\">\n<li>KA1 Movilidad del Personal: Formaci\u00f3n y periodo de observaci\u00f3n (job shadowing)<\/li>\n<li>KA2: Asociaciones Estrat\u00e9gicas: Proyectos que promueven la innovaci\u00f3n, el intercambio de experiencias y \u00a0el saber hacer entre diferentes tipos de organizaciones implicadas en educaci\u00f3n, incluyendo la movilidad de alumnado.<\/li>\n<\/ul>\n<p><!--more--><\/p>\n<p style=\"text-align: justify\">En el espacio de la jornada se le quiere dedicar una atenci\u00f3n particular a la difusi\u00f3n de experiencias de movilidad y\u00a0 buenas pr\u00e1cticas ofrecidas por profesores y coordinadores de movilidad que han puesto en marcha distintos tipos de proyectos.<\/p>\n<p style=\"text-align: justify\"><strong>Contenido:<\/strong><\/p>\n<p>1. Presentaci\u00f3n de Erasmus+<br \/>\n2. Novedades de la convocatoria de 2015<br \/>\n3. Proyecto de calidad: criterios de evaluaci\u00f3n tras 2014<br \/>\n4. Plataforma eTwinning y gesti\u00f3n de proyectos en Andaluc\u00eda a trav\u00e9s del m\u00f3dulo de S\u00e9neca<\/p>\n<p>Personal de centro educativo (30&#8242;) para exposici\u00f3n de buenas pr\u00e1cticas de la convocatoria de 2014.<\/p>\n<p>Dudas y debate (30&#8242;)<\/p>\n<div class=\"textoNombre\"><strong>Sesiones de la actividad:<\/strong><\/div>\n<div class=\"textoNombre\"><\/div>\n<table id=\"filterTable\" class=\"tablesorter\" cellspacing=\"1\">\n<thead>\n<tr>\n<th class=\"header\">Fecha<\/th>\n<th class=\"header\">Hora de inicio<\/th>\n<th class=\"header\">Hora de fin<\/th>\n<th class=\"header\">Lugar de realizaci\u00f3n<\/th>\n<\/tr>\n<\/thead>\n<tbody>\n<tr class=\"even\">\n<td>04\/02\/2015<\/td>\n<td>16:30<\/td>\n<td>19:30<\/td>\n<td>C\u00f3legio de M\u00e9dicos<\/td>\n<\/tr>\n<\/tbody>\n<\/table>\n<p><strong>\u00a0Plazo de solicitudes:\u00a0<\/strong>hasta el 28 de enero<br \/>\nListado provisional: 29 de enero<br \/>\nListado definitivo:\u00a030 de enero<\/p>\n<p>C\u00f3digo:\u00a0<strong>152922GE178<\/strong><\/p>\n<p>Informaci\u00f3n completa y acceso a la ficha de inscripci\u00f3n en S\u00e9neca en el siguiente <a href=\"https:\/\/www.juntadeandalucia.es\/educacion\/portalseneca\/web\/cep\/consulta-actividades-formativas#DetActForPub.jsp?X_EDIACTFOR=149757\">enlace<\/a>.<\/p>\n<p>Para cualquier duda ponerse\u00a0en contacto con la asesora responsable de la actividad en los correos electr\u00f3nicos rese\u00f1ados al pie de esta nota.<\/p>\n<p>Campos Ram\u00edrez, Yolanda<\/p>\n<p>M\u00f3vil: 671596229<\/p>\n<p>yolanda.campos@cepmalaga.com<\/p>\n","protected":false},"excerpt":{"rendered":"<p>El pr\u00f3ximo 4 de febrero el CEP de M\u00e1laga celebrar\u00e1 la Jornada Erasmus+ con el objetivo de difundir y promover entre el\u00a0 profesorado y los centros de la provincia de M\u00e1laga las distintas posibilidades&#46;&#46;&#46;<\/p>\n","protected":false},"author":1124,"featured_media":0,"comment_status":"open","ping_status":"open","sticky":false,"template":"","format":"standard","meta":{"ngg_post_thumbnail":0,"footnotes":""},"categories":[2284639,2134355],"tags":[],"aioseo_notices":[],"_links":{"self":[{"href":"https:\/\/blogsaverroes.juntadeandalucia.es\/plurilinguismodelegacionmalaga\/wp-json\/wp\/v2\/posts\/5476"}],"collection":[{"href":"https:\/\/blogsaverroes.juntadeandalucia.es\/plurilinguismodelegacionmalaga\/wp-json\/wp\/v2\/posts"}],"about":[{"href":"https:\/\/blogsaverroes.juntadeandalucia.es\/plurilinguismodelegacionmalaga\/wp-json\/wp\/v2\/types\/post"}],"author":[{"embeddable":true,"href":"https:\/\/blogsaverroes.juntadeandalucia.es\/plurilinguismodelegacionmalaga\/wp-json\/wp\/v2\/users\/1124"}],"replies":[{"embeddable":true,"href":"https:\/\/blogsaverroes.juntadeandalucia.es\/plurilinguismodelegacionmalaga\/wp-json\/wp\/v2\/comments?post=5476"}],"version-history":[{"count":0,"href":"https:\/\/blogsaverroes.juntadeandalucia.es\/plurilinguismodelegacionmalaga\/wp-json\/wp\/v2\/posts\/5476\/revisions"}],"wp:attachment":[{"href":"https:\/\/blogsaverroes.juntadeandalucia.es\/plurilinguismodelegacionmalaga\/wp-json\/wp\/v2\/media?parent=5476"}],"wp:term":[{"taxonomy":"category","embeddable":true,"href":"https:\/\/blogsaverroes.juntadeandalucia.es\/plurilinguismodelegacionmalaga\/wp-json\/wp\/v2\/categories?post=5476"},{"taxonomy":"post_tag","embeddable":true,"href":"https:\/\/blogsaverroes.juntadeandalucia.es\/plurilinguismodelegacionmalaga\/wp-json\/wp\/v2\/tags?post=5476"}],"curies":[{"name":"wp","href":"https:\/\/api.w.org\/{rel}","templated":true}]}}