{"id":5628,"date":"2015-03-05T09:00:16","date_gmt":"2015-03-05T08:00:16","guid":{"rendered":"http:\/\/www.educacionenmalaga.es\/bilinguismo\/?p=5628"},"modified":"2015-03-05T09:00:16","modified_gmt":"2015-03-05T08:00:16","slug":"listados-provisionales-bolsa-maestros-aleman","status":"publish","type":"post","link":"https:\/\/blogsaverroes.juntadeandalucia.es\/plurilinguismodelegacionmalaga\/2015\/03\/05\/listados-provisionales-bolsa-maestros-aleman\/","title":{"rendered":"Listados provisionales bolsa maestros alem\u00e1n"},"content":{"rendered":"<p style=\"text-align: justify\">La Direcci\u00f3n General de Gesti\u00f3n de Recursos Humanos ha publicado la <a href=\"http:\/\/www.juntadeandalucia.es\/educacion\/nav\/contenido.jsp?pag=\/Contenidos\/RRHH\/Interinidades\/Interinidades14_15\/02032015&amp;vismenu=0,0,1,1,1,1,1,0,0\">Resoluci\u00f3n\u00a0de 2 de marzo de 2015<\/a> por la que se hacen p\u00fablicos los listados provisionales del personal admitido y excluido en la convocatoria para el acceso extraordinario a la bolsa de trabajo del cuerpo de maestros de la especialidad de lengua extranjera alem\u00e1n.<\/p>\n","protected":false},"excerpt":{"rendered":"<p>La Direcci\u00f3n General de Gesti\u00f3n de Recursos Humanos ha publicado la Resoluci\u00f3n\u00a0de 2 de marzo de 2015 por la que se hacen p\u00fablicos los listados provisionales del personal admitido y excluido en la convocatoria&#46;&#46;&#46;<\/p>\n","protected":false},"author":1124,"featured_media":0,"comment_status":"open","ping_status":"open","sticky":false,"template":"","format":"standard","meta":{"ngg_post_thumbnail":0,"footnotes":""},"categories":[2284639],"tags":[],"aioseo_notices":[],"_links":{"self":[{"href":"https:\/\/blogsaverroes.juntadeandalucia.es\/plurilinguismodelegacionmalaga\/wp-json\/wp\/v2\/posts\/5628"}],"collection":[{"href":"https:\/\/blogsaverroes.juntadeandalucia.es\/plurilinguismodelegacionmalaga\/wp-json\/wp\/v2\/posts"}],"about":[{"href":"https:\/\/blogsaverroes.juntadeandalucia.es\/plurilinguismodelegacionmalaga\/wp-json\/wp\/v2\/types\/post"}],"author":[{"embeddable":true,"href":"https:\/\/blogsaverroes.juntadeandalucia.es\/plurilinguismodelegacionmalaga\/wp-json\/wp\/v2\/users\/1124"}],"replies":[{"embeddable":true,"href":"https:\/\/blogsaverroes.juntadeandalucia.es\/plurilinguismodelegacionmalaga\/wp-json\/wp\/v2\/comments?post=5628"}],"version-history":[{"count":0,"href":"https:\/\/blogsaverroes.juntadeandalucia.es\/plurilinguismodelegacionmalaga\/wp-json\/wp\/v2\/posts\/5628\/revisions"}],"wp:attachment":[{"href":"https:\/\/blogsaverroes.juntadeandalucia.es\/plurilinguismodelegacionmalaga\/wp-json\/wp\/v2\/media?parent=5628"}],"wp:term":[{"taxonomy":"category","embeddable":true,"href":"https:\/\/blogsaverroes.juntadeandalucia.es\/plurilinguismodelegacionmalaga\/wp-json\/wp\/v2\/categories?post=5628"},{"taxonomy":"post_tag","embeddable":true,"href":"https:\/\/blogsaverroes.juntadeandalucia.es\/plurilinguismodelegacionmalaga\/wp-json\/wp\/v2\/tags?post=5628"}],"curies":[{"name":"wp","href":"https:\/\/api.w.org\/{rel}","templated":true}]}}