{"id":5630,"date":"2015-03-05T09:10:32","date_gmt":"2015-03-05T08:10:32","guid":{"rendered":"http:\/\/www.educacionenmalaga.es\/bilinguismo\/?p=5630"},"modified":"2015-03-05T09:10:32","modified_gmt":"2015-03-05T08:10:32","slug":"convocatoria-interinidades-reino-unido","status":"publish","type":"post","link":"https:\/\/blogsaverroes.juntadeandalucia.es\/plurilinguismodelegacionmalaga\/2015\/03\/05\/convocatoria-interinidades-reino-unido\/","title":{"rendered":"Convocatoria interinidades Reino Unido"},"content":{"rendered":"<p style=\"text-align: justify\">El Ministerio de Educaci\u00f3n, Cultura y Deporte ha publicado la\u00a0<a href=\"http:\/\/www.mecd.gob.es\/reinounido\/convocatorias-programas\/convocatorias-reinounido\/listaNuevaInterinosCurso2015-2016.html\">Convocatoria<\/a> para profesorado interino en centros y programas de la acci\u00f3n educativa espa\u00f1ola en el Reino Unido &#8211; 2015.<br \/>\nPlazo de presentaci\u00f3n:\u00a011-03-2015 a las 17:30 hora peninsular espa\u00f1ola.<\/p>\n","protected":false},"excerpt":{"rendered":"<p>El Ministerio de Educaci\u00f3n, Cultura y Deporte ha publicado la\u00a0Convocatoria para profesorado interino en centros y programas de la acci\u00f3n educativa espa\u00f1ola en el Reino Unido &#8211; 2015. Plazo de presentaci\u00f3n:\u00a011-03-2015 a las 17:30&#46;&#46;&#46;<\/p>\n","protected":false},"author":1124,"featured_media":0,"comment_status":"open","ping_status":"open","sticky":false,"template":"","format":"standard","meta":{"ngg_post_thumbnail":0,"footnotes":""},"categories":[2284639],"tags":[],"aioseo_notices":[],"_links":{"self":[{"href":"https:\/\/blogsaverroes.juntadeandalucia.es\/plurilinguismodelegacionmalaga\/wp-json\/wp\/v2\/posts\/5630"}],"collection":[{"href":"https:\/\/blogsaverroes.juntadeandalucia.es\/plurilinguismodelegacionmalaga\/wp-json\/wp\/v2\/posts"}],"about":[{"href":"https:\/\/blogsaverroes.juntadeandalucia.es\/plurilinguismodelegacionmalaga\/wp-json\/wp\/v2\/types\/post"}],"author":[{"embeddable":true,"href":"https:\/\/blogsaverroes.juntadeandalucia.es\/plurilinguismodelegacionmalaga\/wp-json\/wp\/v2\/users\/1124"}],"replies":[{"embeddable":true,"href":"https:\/\/blogsaverroes.juntadeandalucia.es\/plurilinguismodelegacionmalaga\/wp-json\/wp\/v2\/comments?post=5630"}],"version-history":[{"count":0,"href":"https:\/\/blogsaverroes.juntadeandalucia.es\/plurilinguismodelegacionmalaga\/wp-json\/wp\/v2\/posts\/5630\/revisions"}],"wp:attachment":[{"href":"https:\/\/blogsaverroes.juntadeandalucia.es\/plurilinguismodelegacionmalaga\/wp-json\/wp\/v2\/media?parent=5630"}],"wp:term":[{"taxonomy":"category","embeddable":true,"href":"https:\/\/blogsaverroes.juntadeandalucia.es\/plurilinguismodelegacionmalaga\/wp-json\/wp\/v2\/categories?post=5630"},{"taxonomy":"post_tag","embeddable":true,"href":"https:\/\/blogsaverroes.juntadeandalucia.es\/plurilinguismodelegacionmalaga\/wp-json\/wp\/v2\/tags?post=5630"}],"curies":[{"name":"wp","href":"https:\/\/api.w.org\/{rel}","templated":true}]}}