{"id":5706,"date":"2015-03-13T11:47:32","date_gmt":"2015-03-13T10:47:32","guid":{"rendered":"http:\/\/www.educacionenmalaga.es\/bilinguismo\/?p=5706"},"modified":"2015-03-13T11:47:32","modified_gmt":"2015-03-13T10:47:32","slug":"publicado-el-decreto-de-educacion-primaria","status":"publish","type":"post","link":"https:\/\/blogsaverroes.juntadeandalucia.es\/plurilinguismodelegacionmalaga\/2015\/03\/13\/publicado-el-decreto-de-educacion-primaria\/","title":{"rendered":"Publicado el Decreto de Educaci\u00f3n Primaria"},"content":{"rendered":"<p style=\"text-align: justify\">La Consejer\u00eda de Educaci\u00f3n, Cultura y Deporte ha publicado el Decreto 97\/2015, de 3 de marzo, por el que se establece la ordenaci\u00f3n y el curr\u00edculo de la\u00a0Educaci\u00f3n Primaria en la Comunidad Aut\u00f3noma de Andaluc\u00eda.<\/p>\n<p style=\"text-align: justify\"><a href=\"https:\/\/blogsaverroes.juntadeandalucia.es\/plurilinguismodelegacionmalaga\/files\/2015\/03\/Decreto-97-2015-ordenacion-y-el-curriculo-de-la-Educacion-Primaria-2.pdf\">Decreto 97-2015 ordenacion y el curriculo de la Educacion Primaria-2<\/a><\/p>\n","protected":false},"excerpt":{"rendered":"<p>La Consejer\u00eda de Educaci\u00f3n, Cultura y Deporte ha publicado el Decreto 97\/2015, de 3 de marzo, por el que se establece la ordenaci\u00f3n y el curr\u00edculo de la\u00a0Educaci\u00f3n Primaria en la Comunidad Aut\u00f3noma de&#46;&#46;&#46;<\/p>\n","protected":false},"author":1124,"featured_media":0,"comment_status":"open","ping_status":"open","sticky":false,"template":"","format":"standard","meta":{"ngg_post_thumbnail":0,"footnotes":""},"categories":[2284639],"tags":[],"aioseo_notices":[],"_links":{"self":[{"href":"https:\/\/blogsaverroes.juntadeandalucia.es\/plurilinguismodelegacionmalaga\/wp-json\/wp\/v2\/posts\/5706"}],"collection":[{"href":"https:\/\/blogsaverroes.juntadeandalucia.es\/plurilinguismodelegacionmalaga\/wp-json\/wp\/v2\/posts"}],"about":[{"href":"https:\/\/blogsaverroes.juntadeandalucia.es\/plurilinguismodelegacionmalaga\/wp-json\/wp\/v2\/types\/post"}],"author":[{"embeddable":true,"href":"https:\/\/blogsaverroes.juntadeandalucia.es\/plurilinguismodelegacionmalaga\/wp-json\/wp\/v2\/users\/1124"}],"replies":[{"embeddable":true,"href":"https:\/\/blogsaverroes.juntadeandalucia.es\/plurilinguismodelegacionmalaga\/wp-json\/wp\/v2\/comments?post=5706"}],"version-history":[{"count":0,"href":"https:\/\/blogsaverroes.juntadeandalucia.es\/plurilinguismodelegacionmalaga\/wp-json\/wp\/v2\/posts\/5706\/revisions"}],"wp:attachment":[{"href":"https:\/\/blogsaverroes.juntadeandalucia.es\/plurilinguismodelegacionmalaga\/wp-json\/wp\/v2\/media?parent=5706"}],"wp:term":[{"taxonomy":"category","embeddable":true,"href":"https:\/\/blogsaverroes.juntadeandalucia.es\/plurilinguismodelegacionmalaga\/wp-json\/wp\/v2\/categories?post=5706"},{"taxonomy":"post_tag","embeddable":true,"href":"https:\/\/blogsaverroes.juntadeandalucia.es\/plurilinguismodelegacionmalaga\/wp-json\/wp\/v2\/tags?post=5706"}],"curies":[{"name":"wp","href":"https:\/\/api.w.org\/{rel}","templated":true}]}}