{"id":5783,"date":"2015-04-14T10:49:31","date_gmt":"2015-04-14T09:49:31","guid":{"rendered":"http:\/\/www.educacionenmalaga.es\/bilinguismo\/?p=5783"},"modified":"2015-04-14T10:49:31","modified_gmt":"2015-04-14T09:49:31","slug":"la-microrred-bilingue-de-primaria-teatinos-puerto-de-la-torre-ya-trabaja-colaborativamente","status":"publish","type":"post","link":"https:\/\/blogsaverroes.juntadeandalucia.es\/plurilinguismodelegacionmalaga\/2015\/04\/14\/la-microrred-bilingue-de-primaria-teatinos-puerto-de-la-torre-ya-trabaja-colaborativamente\/","title":{"rendered":"La microrred biling\u00fce de Primaria Teatinos-Puerto de la Torre ya trabaja colaborativamente"},"content":{"rendered":"<p style=\"text-align: justify\"><a href=\"https:\/\/blogsaverroes.juntadeandalucia.es\/plurilinguismodelegacionmalaga\/files\/2015\/04\/easter2.jpg\"><img loading=\"lazy\" decoding=\"async\" class=\"alignright size-medium wp-image-5785\" src=\"http:\/\/www.educacionenmalaga.es\/bilinguismo\/files\/2015\/04\/easter2-300x169.jpg\" alt=\"easter2\" width=\"300\" height=\"169\" srcset=\"https:\/\/blogsaverroes.juntadeandalucia.es\/plurilinguismodelegacionmalaga\/files\/2015\/04\/easter2-300x169.jpg 300w, https:\/\/blogsaverroes.juntadeandalucia.es\/plurilinguismodelegacionmalaga\/files\/2015\/04\/easter2.jpg 320w, https:\/\/blogsaverroes.juntadeandalucia.es\/plurilinguismodelegacionmalaga\/files\/2015\/04\/easter2-24x14.jpg 24w, https:\/\/blogsaverroes.juntadeandalucia.es\/plurilinguismodelegacionmalaga\/files\/2015\/04\/easter2-36x20.jpg 36w, https:\/\/blogsaverroes.juntadeandalucia.es\/plurilinguismodelegacionmalaga\/files\/2015\/04\/easter2-48x27.jpg 48w\" sizes=\"(max-width: 300px) 100vw, 300px\" \/><\/a>Las coordinadoras de los proyectos biling\u00fces: Rosal\u00eda Cano del CEIP Revello de Toro, Marta Montero del CEIP Profesor Tierno Galv\u00e1n, Encarnaci\u00f3n Jurado del CEIP Rectora Adelaida de la Calle, Esther Molinillo del CEIP Los Morales y Gracia Sarria del CEIP Salvador Allende han creado recientemente un equipo de trabajo cuyo objetivo fundamental es realizar un trabajo cooperativo entre sus centros, situados en la zona Teatinos-Puerto de la Torre, en M\u00e1laga, siendo este una gran oportunidad de crecimiento, aprendizaje y enriquecimiento mutuo.<\/p>\n<p style=\"text-align: justify\"><a href=\"https:\/\/blogsaverroes.juntadeandalucia.es\/plurilinguismodelegacionmalaga\/files\/2015\/04\/easter4.png\"><img loading=\"lazy\" decoding=\"async\" class=\"alignleft size-medium wp-image-5786\" src=\"http:\/\/www.educacionenmalaga.es\/bilinguismo\/files\/2015\/04\/easter4-300x188.png\" alt=\"easter4\" width=\"300\" height=\"188\" srcset=\"https:\/\/blogsaverroes.juntadeandalucia.es\/plurilinguismodelegacionmalaga\/files\/2015\/04\/easter4-300x188.png 300w, https:\/\/blogsaverroes.juntadeandalucia.es\/plurilinguismodelegacionmalaga\/files\/2015\/04\/easter4-24x15.png 24w, https:\/\/blogsaverroes.juntadeandalucia.es\/plurilinguismodelegacionmalaga\/files\/2015\/04\/easter4-36x23.png 36w, https:\/\/blogsaverroes.juntadeandalucia.es\/plurilinguismodelegacionmalaga\/files\/2015\/04\/easter4-48x30.png 48w, https:\/\/blogsaverroes.juntadeandalucia.es\/plurilinguismodelegacionmalaga\/files\/2015\/04\/easter4.png 548w\" sizes=\"(max-width: 300px) 100vw, 300px\" \/><\/a>La idea de este proyecto entre sus centros ha ido gest\u00e1ndose en las tres \u00faltimas reuniones de coordinadores biling\u00fces organizadas por las responsables provinciales de la Coordinaci\u00f3n Biling\u00fce y Programas Europeos en M\u00e1laga, Mar\u00eda Fern\u00e1ndez\u00a0y Beatriz Montosa. El nuevo formato de estas reuniones facilita y posibilita el trabajo entre los coordinadores biling\u00fces de los centros de zonas cercanas.<\/p>\n<p style=\"text-align: justify\"><a href=\"https:\/\/blogsaverroes.juntadeandalucia.es\/plurilinguismodelegacionmalaga\/files\/2015\/04\/easter1.jpg\"><img loading=\"lazy\" decoding=\"async\" class=\"alignright size-medium wp-image-5788\" src=\"http:\/\/www.educacionenmalaga.es\/bilinguismo\/files\/2015\/04\/easter1-300x169.jpg\" alt=\"easter1\" width=\"300\" height=\"169\" srcset=\"https:\/\/blogsaverroes.juntadeandalucia.es\/plurilinguismodelegacionmalaga\/files\/2015\/04\/easter1-300x169.jpg 300w, https:\/\/blogsaverroes.juntadeandalucia.es\/plurilinguismodelegacionmalaga\/files\/2015\/04\/easter1.jpg 320w, https:\/\/blogsaverroes.juntadeandalucia.es\/plurilinguismodelegacionmalaga\/files\/2015\/04\/easter1-24x14.jpg 24w, https:\/\/blogsaverroes.juntadeandalucia.es\/plurilinguismodelegacionmalaga\/files\/2015\/04\/easter1-36x20.jpg 36w, https:\/\/blogsaverroes.juntadeandalucia.es\/plurilinguismodelegacionmalaga\/files\/2015\/04\/easter1-48x27.jpg 48w\" sizes=\"(max-width: 300px) 100vw, 300px\" \/><\/a>Su\u00a0primer trabajo en com\u00fan ha sido el intercambio de tarjetas de felicitaci\u00f3n de Pascua entre los alumnos de sus centros. Cada colegio ha creado un rinc\u00f3n donde se han expuesto las tarjetas de los compa\u00f1eros biling\u00fces de los otros centros.\u00a0Esta primera actividad ha sido realizada con mucha ilusi\u00f3n y ha tenido una gran acogida por parte del alumnado.<br \/>\nHay otras actividades en proyecto para final de este curso las cuales se definir\u00e1n en la reuni\u00f3n que las coordinadoras tendr\u00e1n pr\u00f3ximamente.<\/p>\n","protected":false},"excerpt":{"rendered":"<p>Las coordinadoras de los proyectos biling\u00fces: Rosal\u00eda Cano del CEIP Revello de Toro, Marta Montero del CEIP Profesor Tierno Galv\u00e1n, Encarnaci\u00f3n Jurado del CEIP Rectora Adelaida de la Calle, Esther Molinillo del CEIP Los&#46;&#46;&#46;<\/p>\n","protected":false},"author":1124,"featured_media":0,"comment_status":"open","ping_status":"open","sticky":false,"template":"","format":"standard","meta":{"ngg_post_thumbnail":0,"footnotes":""},"categories":[2284639],"tags":[],"aioseo_notices":[],"_links":{"self":[{"href":"https:\/\/blogsaverroes.juntadeandalucia.es\/plurilinguismodelegacionmalaga\/wp-json\/wp\/v2\/posts\/5783"}],"collection":[{"href":"https:\/\/blogsaverroes.juntadeandalucia.es\/plurilinguismodelegacionmalaga\/wp-json\/wp\/v2\/posts"}],"about":[{"href":"https:\/\/blogsaverroes.juntadeandalucia.es\/plurilinguismodelegacionmalaga\/wp-json\/wp\/v2\/types\/post"}],"author":[{"embeddable":true,"href":"https:\/\/blogsaverroes.juntadeandalucia.es\/plurilinguismodelegacionmalaga\/wp-json\/wp\/v2\/users\/1124"}],"replies":[{"embeddable":true,"href":"https:\/\/blogsaverroes.juntadeandalucia.es\/plurilinguismodelegacionmalaga\/wp-json\/wp\/v2\/comments?post=5783"}],"version-history":[{"count":0,"href":"https:\/\/blogsaverroes.juntadeandalucia.es\/plurilinguismodelegacionmalaga\/wp-json\/wp\/v2\/posts\/5783\/revisions"}],"wp:attachment":[{"href":"https:\/\/blogsaverroes.juntadeandalucia.es\/plurilinguismodelegacionmalaga\/wp-json\/wp\/v2\/media?parent=5783"}],"wp:term":[{"taxonomy":"category","embeddable":true,"href":"https:\/\/blogsaverroes.juntadeandalucia.es\/plurilinguismodelegacionmalaga\/wp-json\/wp\/v2\/categories?post=5783"},{"taxonomy":"post_tag","embeddable":true,"href":"https:\/\/blogsaverroes.juntadeandalucia.es\/plurilinguismodelegacionmalaga\/wp-json\/wp\/v2\/tags?post=5783"}],"curies":[{"name":"wp","href":"https:\/\/api.w.org\/{rel}","templated":true}]}}