{"id":5854,"date":"2015-04-30T08:47:15","date_gmt":"2015-04-30T07:47:15","guid":{"rendered":"http:\/\/www.educacionenmalaga.es\/bilinguismo\/?p=5854"},"modified":"2015-04-30T08:47:15","modified_gmt":"2015-04-30T07:47:15","slug":"mooc-etwinning-en-abierto","status":"publish","type":"post","link":"https:\/\/blogsaverroes.juntadeandalucia.es\/plurilinguismodelegacionmalaga\/2015\/04\/30\/mooc-etwinning-en-abierto\/","title":{"rendered":"MOOC &#8220;eTwinning en abierto&#8221;"},"content":{"rendered":"<p style=\"text-align: justify\"><a href=\"https:\/\/blogsaverroes.juntadeandalucia.es\/plurilinguismodelegacionmalaga\/files\/2015\/04\/twinmooc.jpg\"><img loading=\"lazy\" decoding=\"async\" class=\"alignleft  wp-image-5855\" src=\"http:\/\/www.educacionenmalaga.es\/bilinguismo\/files\/2015\/04\/twinmooc-300x256.jpg\" alt=\"twinmooc\" width=\"236\" height=\"201\" srcset=\"https:\/\/blogsaverroes.juntadeandalucia.es\/plurilinguismodelegacionmalaga\/files\/2015\/04\/twinmooc-300x256.jpg 300w, https:\/\/blogsaverroes.juntadeandalucia.es\/plurilinguismodelegacionmalaga\/files\/2015\/04\/twinmooc-24x20.jpg 24w, https:\/\/blogsaverroes.juntadeandalucia.es\/plurilinguismodelegacionmalaga\/files\/2015\/04\/twinmooc-36x31.jpg 36w, https:\/\/blogsaverroes.juntadeandalucia.es\/plurilinguismodelegacionmalaga\/files\/2015\/04\/twinmooc-48x41.jpg 48w, https:\/\/blogsaverroes.juntadeandalucia.es\/plurilinguismodelegacionmalaga\/files\/2015\/04\/twinmooc.jpg 352w\" sizes=\"(max-width: 236px) 100vw, 236px\" \/><\/a>Desde el 4 de mayo, y durante 5 unidades de duraci\u00f3n semanal tendr\u00e1 lugar el MOOC &#8220;eTwinning en abierto&#8221;, destinado principalmente a docentes en activo.<br \/>\nLa inscripci\u00f3n en el curso debe hacerse en la <a title=\"Abre en nueva ventana\" href=\"http:\/\/mooc.educalab.es\/\" target=\"_blank\" rel=\"noopener noreferrer\">Plataforma\u00a0MOOC EducaLAB del\u00a0 INTEF<\/a>, en la que se deber\u00e1 registrar previamente el profesorado interesado (registro en este <a href=\"http:\/\/mooc.educalab.es\/register\" target=\"_blank\" rel=\"noopener noreferrer\">enlace<\/a>). La\u00a0inscripci\u00f3n en el curso ya est\u00e1 abierta y no se cerrar\u00e1 mientras el curso est\u00e9 activo.<br \/>\nLos contenidos y actividades de cada unidad se ir\u00e1n abriendo sucesivamente cada semana y contar\u00e1n con el apoyo de un equipo de dinamizaci\u00f3n. Los materiales y plan pedag\u00f3gico del curso han sido creados por el\u00a0<a title=\"Abre en nueva ventana\" href=\"http:\/\/www.etwinning.es\/es\/inicio\" target=\"_blank\" rel=\"noopener noreferrer\">Servicio Nacional de Apoyo eTwinning<\/a>.<br \/>\nM\u00e1s informaci\u00f3n sobre el curso en la <a href=\"http:\/\/blog.educalab.es\/intef\/2015\/04\/22\/mooc-etwinning-en-abierto\/\" target=\"_blank\" rel=\"noopener noreferrer\">web del INTEF <\/a>y en este <a href=\"https:\/\/drive.google.com\/file\/d\/0B_lt4iWgKoP3UEdOVVBYekRJLUhodDgwQWg3dWh1SFZqeXZZ\/view?usp=sharing\" target=\"_blank\" rel=\"noopener noreferrer\">enlace<\/a>.<\/p>\n","protected":false},"excerpt":{"rendered":"<p>Desde el 4 de mayo, y durante 5 unidades de duraci\u00f3n semanal tendr\u00e1 lugar el MOOC &#8220;eTwinning en abierto&#8221;, destinado principalmente a docentes en activo. La inscripci\u00f3n en el curso debe hacerse en la&#46;&#46;&#46;<\/p>\n","protected":false},"author":1124,"featured_media":0,"comment_status":"open","ping_status":"open","sticky":false,"template":"","format":"standard","meta":{"ngg_post_thumbnail":0,"footnotes":""},"categories":[2284639],"tags":[],"aioseo_notices":[],"_links":{"self":[{"href":"https:\/\/blogsaverroes.juntadeandalucia.es\/plurilinguismodelegacionmalaga\/wp-json\/wp\/v2\/posts\/5854"}],"collection":[{"href":"https:\/\/blogsaverroes.juntadeandalucia.es\/plurilinguismodelegacionmalaga\/wp-json\/wp\/v2\/posts"}],"about":[{"href":"https:\/\/blogsaverroes.juntadeandalucia.es\/plurilinguismodelegacionmalaga\/wp-json\/wp\/v2\/types\/post"}],"author":[{"embeddable":true,"href":"https:\/\/blogsaverroes.juntadeandalucia.es\/plurilinguismodelegacionmalaga\/wp-json\/wp\/v2\/users\/1124"}],"replies":[{"embeddable":true,"href":"https:\/\/blogsaverroes.juntadeandalucia.es\/plurilinguismodelegacionmalaga\/wp-json\/wp\/v2\/comments?post=5854"}],"version-history":[{"count":0,"href":"https:\/\/blogsaverroes.juntadeandalucia.es\/plurilinguismodelegacionmalaga\/wp-json\/wp\/v2\/posts\/5854\/revisions"}],"wp:attachment":[{"href":"https:\/\/blogsaverroes.juntadeandalucia.es\/plurilinguismodelegacionmalaga\/wp-json\/wp\/v2\/media?parent=5854"}],"wp:term":[{"taxonomy":"category","embeddable":true,"href":"https:\/\/blogsaverroes.juntadeandalucia.es\/plurilinguismodelegacionmalaga\/wp-json\/wp\/v2\/categories?post=5854"},{"taxonomy":"post_tag","embeddable":true,"href":"https:\/\/blogsaverroes.juntadeandalucia.es\/plurilinguismodelegacionmalaga\/wp-json\/wp\/v2\/tags?post=5854"}],"curies":[{"name":"wp","href":"https:\/\/api.w.org\/{rel}","templated":true}]}}