{"id":5996,"date":"2015-05-25T09:57:13","date_gmt":"2015-05-25T08:57:13","guid":{"rendered":"http:\/\/www.educacionenmalaga.es\/bilinguismo\/?p=5996"},"modified":"2015-05-25T09:57:13","modified_gmt":"2015-05-25T08:57:13","slug":"convocatoria-puestos-especificos-bilingues","status":"publish","type":"post","link":"https:\/\/blogsaverroes.juntadeandalucia.es\/plurilinguismodelegacionmalaga\/2015\/05\/25\/convocatoria-puestos-especificos-bilingues\/","title":{"rendered":"Convocatoria puestos espec\u00edficos biling\u00fces"},"content":{"rendered":"<p style=\"text-align: justify\">El BOJA de hoy publica <a href=\"http:\/\/juntadeandalucia.es\/eboja\/2015\/98\/BOJA15-098-00034-9202-01_00070308.pdf\">Resoluci\u00f3n de 19 de mayo de 2015<\/a>, de la Direcci\u00f3n General de Gesti\u00f3n de Recursos Humanos, por la que se efect\u00faa convocatoria para la adjudicaci\u00f3n de destinos provisionales al personal docente, para el curso acad\u00e9mico 2015\/2016.<br \/>\nDentro de esta Resoluci\u00f3n figuran los puestos espec\u00edficos biling\u00fces que aparecen relacionados en el Anexo VI, 1. El Anexo VII recoge los requisitos de titulaci\u00f3n para la provisi\u00f3n de dichos puestos.<br \/>\nAdem\u00e1s del personal que recoge la Base Primera de dicha Resoluci\u00f3n podr\u00e1 participar el personal funcionario de carrera que solicite expresamente centros y puestos espec\u00edficos biling\u00fces en comisi\u00f3n de servicio.<br \/>\nEl plazo de solicitud es el comprendido entre los d\u00edas 27 de mayo y 8 de junio de 2015, ambos inclusive.<\/p>\n","protected":false},"excerpt":{"rendered":"<p>El BOJA de hoy publica Resoluci\u00f3n de 19 de mayo de 2015, de la Direcci\u00f3n General de Gesti\u00f3n de Recursos Humanos, por la que se efect\u00faa convocatoria para la adjudicaci\u00f3n de destinos provisionales al&#46;&#46;&#46;<\/p>\n","protected":false},"author":1124,"featured_media":0,"comment_status":"open","ping_status":"open","sticky":false,"template":"","format":"standard","meta":{"ngg_post_thumbnail":0,"footnotes":""},"categories":[2284639],"tags":[],"aioseo_notices":[],"_links":{"self":[{"href":"https:\/\/blogsaverroes.juntadeandalucia.es\/plurilinguismodelegacionmalaga\/wp-json\/wp\/v2\/posts\/5996"}],"collection":[{"href":"https:\/\/blogsaverroes.juntadeandalucia.es\/plurilinguismodelegacionmalaga\/wp-json\/wp\/v2\/posts"}],"about":[{"href":"https:\/\/blogsaverroes.juntadeandalucia.es\/plurilinguismodelegacionmalaga\/wp-json\/wp\/v2\/types\/post"}],"author":[{"embeddable":true,"href":"https:\/\/blogsaverroes.juntadeandalucia.es\/plurilinguismodelegacionmalaga\/wp-json\/wp\/v2\/users\/1124"}],"replies":[{"embeddable":true,"href":"https:\/\/blogsaverroes.juntadeandalucia.es\/plurilinguismodelegacionmalaga\/wp-json\/wp\/v2\/comments?post=5996"}],"version-history":[{"count":0,"href":"https:\/\/blogsaverroes.juntadeandalucia.es\/plurilinguismodelegacionmalaga\/wp-json\/wp\/v2\/posts\/5996\/revisions"}],"wp:attachment":[{"href":"https:\/\/blogsaverroes.juntadeandalucia.es\/plurilinguismodelegacionmalaga\/wp-json\/wp\/v2\/media?parent=5996"}],"wp:term":[{"taxonomy":"category","embeddable":true,"href":"https:\/\/blogsaverroes.juntadeandalucia.es\/plurilinguismodelegacionmalaga\/wp-json\/wp\/v2\/categories?post=5996"},{"taxonomy":"post_tag","embeddable":true,"href":"https:\/\/blogsaverroes.juntadeandalucia.es\/plurilinguismodelegacionmalaga\/wp-json\/wp\/v2\/tags?post=5996"}],"curies":[{"name":"wp","href":"https:\/\/api.w.org\/{rel}","templated":true}]}}