{"id":6336,"date":"2015-11-12T09:21:55","date_gmt":"2015-11-12T08:21:55","guid":{"rendered":"http:\/\/www.educacionenmalaga.es\/bilinguismo\/?p=6336"},"modified":"2015-11-12T09:21:55","modified_gmt":"2015-11-12T08:21:55","slug":"erasmus-ka1-en-ceper-la-palma-de-malaga","status":"publish","type":"post","link":"https:\/\/blogsaverroes.juntadeandalucia.es\/plurilinguismodelegacionmalaga\/2015\/11\/12\/erasmus-ka1-en-ceper-la-palma-de-malaga\/","title":{"rendered":"Erasmus + KA1 en CEPER La Palma de M\u00e1laga"},"content":{"rendered":"<p><a href=\"https:\/\/blogsaverroes.juntadeandalucia.es\/plurilinguismodelegacionmalaga\/files\/2015\/11\/La-palma1.jpg\"><img loading=\"lazy\" decoding=\"async\" class=\"alignleft wp-image-6338\" src=\"http:\/\/www.educacionenmalaga.es\/bilinguismo\/files\/2015\/11\/La-palma1-130x300.jpg\" alt=\"La palma\" width=\"164\" height=\"379\" srcset=\"https:\/\/blogsaverroes.juntadeandalucia.es\/plurilinguismodelegacionmalaga\/files\/2015\/11\/La-palma1-130x300.jpg 130w, https:\/\/blogsaverroes.juntadeandalucia.es\/plurilinguismodelegacionmalaga\/files\/2015\/11\/La-palma1-10x24.jpg 10w, https:\/\/blogsaverroes.juntadeandalucia.es\/plurilinguismodelegacionmalaga\/files\/2015\/11\/La-palma1-16x36.jpg 16w, https:\/\/blogsaverroes.juntadeandalucia.es\/plurilinguismodelegacionmalaga\/files\/2015\/11\/La-palma1-21x48.jpg 21w, https:\/\/blogsaverroes.juntadeandalucia.es\/plurilinguismodelegacionmalaga\/files\/2015\/11\/La-palma1.jpg 219w\" sizes=\"(max-width: 164px) 100vw, 164px\" \/><\/a><\/p>\n<p style=\"text-align: justify\">El profesorado del CEPER La Palma y de las secciones del mismo: Puerto de la Torre, Campanillas, Ciudad Jard\u00edn y Asperones, desarrollar\u00e1n en los pr\u00f3ximos dos cursos escolares el proyecto &#8220;La Ciudad del Para\u00edso en Europa&#8221;, que ha sido seleccionado para la movilidad del profesorado de Educaci\u00f3n de Personas Adultas (KA104) del programa Erasmus +.<\/p>\n<p style=\"text-align: justify\">Entre los objetivos del proyecto se encuentran alcanzar una dimensi\u00f3n internacional del centro, mejorar la competencia en el uso de las TICs y en lengua extranjera, tanto la inglesa como francesa, adquiriendo mayor capacidad de respuesta a la diversidad social, ling\u00fc\u00edstica y cultural.\u00a0<a href=\"https:\/\/blogsaverroes.juntadeandalucia.es\/plurilinguismodelegacionmalaga\/files\/2015\/09\/Erasmus-.png\"><img loading=\"lazy\" decoding=\"async\" class=\"wp-image-6263 alignright\" src=\"http:\/\/www.educacionenmalaga.es\/bilinguismo\/files\/2015\/09\/Erasmus--300x86.png\" alt=\"Erasmus +\" width=\"209\" height=\"60\" srcset=\"https:\/\/blogsaverroes.juntadeandalucia.es\/plurilinguismodelegacionmalaga\/files\/2015\/09\/Erasmus--300x86.png 300w, https:\/\/blogsaverroes.juntadeandalucia.es\/plurilinguismodelegacionmalaga\/files\/2015\/09\/Erasmus--768x219.png 768w, https:\/\/blogsaverroes.juntadeandalucia.es\/plurilinguismodelegacionmalaga\/files\/2015\/09\/Erasmus--24x7.png 24w, https:\/\/blogsaverroes.juntadeandalucia.es\/plurilinguismodelegacionmalaga\/files\/2015\/09\/Erasmus--36x10.png 36w, https:\/\/blogsaverroes.juntadeandalucia.es\/plurilinguismodelegacionmalaga\/files\/2015\/09\/Erasmus--48x14.png 48w, https:\/\/blogsaverroes.juntadeandalucia.es\/plurilinguismodelegacionmalaga\/files\/2015\/09\/Erasmus-.png 943w\" sizes=\"(max-width: 209px) 100vw, 209px\" \/><\/a><\/p>\n","protected":false},"excerpt":{"rendered":"<p>El profesorado del CEPER La Palma y de las secciones del mismo: Puerto de la Torre, Campanillas, Ciudad Jard\u00edn y Asperones, desarrollar\u00e1n en los pr\u00f3ximos dos cursos escolares el proyecto &#8220;La Ciudad del Para\u00edso&#46;&#46;&#46;<\/p>\n","protected":false},"author":1124,"featured_media":0,"comment_status":"open","ping_status":"open","sticky":false,"template":"","format":"standard","meta":{"ngg_post_thumbnail":0,"footnotes":""},"categories":[2284639,2134355],"tags":[],"aioseo_notices":[],"_links":{"self":[{"href":"https:\/\/blogsaverroes.juntadeandalucia.es\/plurilinguismodelegacionmalaga\/wp-json\/wp\/v2\/posts\/6336"}],"collection":[{"href":"https:\/\/blogsaverroes.juntadeandalucia.es\/plurilinguismodelegacionmalaga\/wp-json\/wp\/v2\/posts"}],"about":[{"href":"https:\/\/blogsaverroes.juntadeandalucia.es\/plurilinguismodelegacionmalaga\/wp-json\/wp\/v2\/types\/post"}],"author":[{"embeddable":true,"href":"https:\/\/blogsaverroes.juntadeandalucia.es\/plurilinguismodelegacionmalaga\/wp-json\/wp\/v2\/users\/1124"}],"replies":[{"embeddable":true,"href":"https:\/\/blogsaverroes.juntadeandalucia.es\/plurilinguismodelegacionmalaga\/wp-json\/wp\/v2\/comments?post=6336"}],"version-history":[{"count":0,"href":"https:\/\/blogsaverroes.juntadeandalucia.es\/plurilinguismodelegacionmalaga\/wp-json\/wp\/v2\/posts\/6336\/revisions"}],"wp:attachment":[{"href":"https:\/\/blogsaverroes.juntadeandalucia.es\/plurilinguismodelegacionmalaga\/wp-json\/wp\/v2\/media?parent=6336"}],"wp:term":[{"taxonomy":"category","embeddable":true,"href":"https:\/\/blogsaverroes.juntadeandalucia.es\/plurilinguismodelegacionmalaga\/wp-json\/wp\/v2\/categories?post=6336"},{"taxonomy":"post_tag","embeddable":true,"href":"https:\/\/blogsaverroes.juntadeandalucia.es\/plurilinguismodelegacionmalaga\/wp-json\/wp\/v2\/tags?post=6336"}],"curies":[{"name":"wp","href":"https:\/\/api.w.org\/{rel}","templated":true}]}}